{"id":117791,"date":"2017-07-25T16:42:20","date_gmt":"2017-07-25T19:42:20","guid":{"rendered":"https:\/\/www.redenoticia.com.br\/noticia\/?p=117791"},"modified":"2017-07-25T16:41:56","modified_gmt":"2017-07-25T19:41:56","slug":"resumo-novela-novo-mundo-2607-joaquim-encontra-chalaca","status":"publish","type":"post","link":"https:\/\/migracao.redenoticia.com.br\/noticia\/2017\/resumo-novela-novo-mundo-2607-joaquim-encontra-chalaca\/117791","title":{"rendered":"Resumo novela \u201cNovo Mundo\u201d 26\/07: Joaquim encontra Chala\u00e7a"},"content":{"rendered":"<p><img loading=\"lazy\" decoding=\"async\" class=\"alignleft size-thumbnail wp-image-107950\" src=\"https:\/\/migracao.redenoticia.com.br\/noticia\/imagens\/novo_mundo_novela_resumo_globo-150x112.jpg\" alt=\"\" width=\"150\" height=\"112\" srcset=\"https:\/\/migracao.redenoticia.com.br\/noticia\/imagens\/novo_mundo_novela_resumo_globo-150x112.jpg 150w, https:\/\/migracao.redenoticia.com.br\/noticia\/imagens\/novo_mundo_novela_resumo_globo-265x198.jpg 265w\" sizes=\"auto, (max-width: 150px) 100vw, 150px\" \/><strong><em>Resumo novela \u201cNovo Mundo\u201d 26\/07<\/em><\/strong>: no cap\u00edtulo 109(*) da novela \u201cNovo Mundo\u201d, resumo de quarta-feira, 26 de julho, Leopoldina afirma ao Bar\u00e3o de Marescal que n\u00e3o ir\u00e1 contrariar Dom Pedro. Pedro suspeita de que Domitila esteja gr\u00e1vida. Lib\u00e9rio e Cec\u00edlia se reconciliam. Elvira sonha com Hugo. Joaquim pensa em fugir com Anna e Vit\u00f3ria novamente. Hugo se interessa pela escritura da taberna. Peter e Lib\u00e9rio imprimem o jornal em apoio \u00e0s elei\u00e7\u00f5es. Bonif\u00e1cio desconfia da candidatura de Licurgo. Thomas exige que Domitila assine uma promiss\u00f3ria. Bonif\u00e1cio conta a Dom Pedro sobre a amea\u00e7a do Bar\u00e3o de Marescal. Piat\u00e3 se preocupa com Jacira. Chala\u00e7a fica indignado ao descobrir que Dom Pedro assumiu seu romance com Domitila. Jacira cai desmaiada em um buraco durante uma tempestade. Diara provoca Greta. Domitila \u00e9 impedida de entrar no teatro e todos aplaudem. Joaquim encontra Chala\u00e7a.<\/p>\n<p>(*) edi\u00e7\u00e3o da Rede Globo, Novela \u201cNovo Mundo\u201d, sujeito a altera\u00e7\u00e3o de data e conte\u00fado.<\/p>\n<p>Novo Mundo \u00e9 uma telenovela brasileira produzida pela Rede Globo. Escrita por Thereza Falc\u00e3o e Alessandro Marson, conta com dire\u00e7\u00e3o art\u00edstica de Vin\u00edcius Coimbra. Conta com as participa\u00e7\u00f5es de Isabelle Drummond, Chay Suede, Caio Castro, Let\u00edcia Colin, Leo Jaime, D\u00e9bora Olivieri, Rodrigo Simas, Giullia Buscacio, Vivianne Pasmanter, Guilherme Piva, R\u00f4mulo Estrela, Agatha Moreira, Luisa Micheletti, Gabriel Braga Nunes, e Ingrid Guimar\u00e3es.<\/p>\n","protected":false},"excerpt":{"rendered":"<p>Resumo novela \u201cNovo Mundo\u201d 26\/07: no cap\u00edtulo 109(*) da novela \u201cNovo Mundo\u201d, resumo de quarta-feira, 26 de julho, Leopoldina afirma ao Bar\u00e3o de Marescal que n\u00e3o ir\u00e1 contrariar Dom Pedro. Pedro suspeita de que Domitila esteja gr\u00e1vida. Lib\u00e9rio e Cec\u00edlia se reconciliam. Elvira sonha com Hugo. Joaquim pensa em fugir com Anna e Vit\u00f3ria novamente. [&hellip;]<\/p>\n","protected":false},"author":4,"featured_media":107950,"comment_status":"open","ping_status":"closed","sticky":false,"template":"","format":"standard","meta":{"tdm_status":"","tdm_grid_status":"","footnotes":""},"categories":[379,375,343],"tags":[441],"class_list":{"0":"post-117791","1":"post","2":"type-post","3":"status-publish","4":"format-standard","5":"has-post-thumbnail","7":"category-novelas","8":"category-rede-globo","9":"category-televisao","10":"tag-resumo-do-dia"},"_links":{"self":[{"href":"https:\/\/migracao.redenoticia.com.br\/noticia\/wp-json\/wp\/v2\/posts\/117791","targetHints":{"allow":["GET"]}}],"collection":[{"href":"https:\/\/migracao.redenoticia.com.br\/noticia\/wp-json\/wp\/v2\/posts"}],"about":[{"href":"https:\/\/migracao.redenoticia.com.br\/noticia\/wp-json\/wp\/v2\/types\/post"}],"author":[{"embeddable":true,"href":"https:\/\/migracao.redenoticia.com.br\/noticia\/wp-json\/wp\/v2\/users\/4"}],"replies":[{"embeddable":true,"href":"https:\/\/migracao.redenoticia.com.br\/noticia\/wp-json\/wp\/v2\/comments?post=117791"}],"version-history":[{"count":0,"href":"https:\/\/migracao.redenoticia.com.br\/noticia\/wp-json\/wp\/v2\/posts\/117791\/revisions"}],"wp:featuredmedia":[{"embeddable":true,"href":"https:\/\/migracao.redenoticia.com.br\/noticia\/wp-json\/wp\/v2\/media\/107950"}],"wp:attachment":[{"href":"https:\/\/migracao.redenoticia.com.br\/noticia\/wp-json\/wp\/v2\/media?parent=117791"}],"wp:term":[{"taxonomy":"category","embeddable":true,"href":"https:\/\/migracao.redenoticia.com.br\/noticia\/wp-json\/wp\/v2\/categories?post=117791"},{"taxonomy":"post_tag","embeddable":true,"href":"https:\/\/migracao.redenoticia.com.br\/noticia\/wp-json\/wp\/v2\/tags?post=117791"}],"curies":[{"name":"wp","href":"https:\/\/api.w.org\/{rel}","templated":true}]}}