{"id":117796,"date":"2017-07-25T16:37:37","date_gmt":"2017-07-25T19:37:37","guid":{"rendered":"https:\/\/www.redenoticia.com.br\/noticia\/?p=117796"},"modified":"2017-07-25T16:37:37","modified_gmt":"2017-07-25T19:37:37","slug":"resumo-novela-a-forca-do-querer-2607-eugenio-conversa-com-a-advogada-de-joyce","status":"publish","type":"post","link":"https:\/\/migracao.redenoticia.com.br\/noticia\/2017\/resumo-novela-a-forca-do-querer-2607-eugenio-conversa-com-a-advogada-de-joyce\/117796","title":{"rendered":"Resumo novela \u201cA For\u00e7a do Querer\u201d 26\/07: Eug\u00eanio conversa com a advogada de Joyce"},"content":{"rendered":"<p><img loading=\"lazy\" decoding=\"async\" src=\"https:\/\/migracao.redenoticia.com.br\/noticia\/imagens\/a-forca-do-querer-novela-resumo-globo-150x112.jpg\" alt=\"\" width=\"150\" height=\"112\" class=\"alignleft size-thumbnail wp-image-110103\" srcset=\"https:\/\/migracao.redenoticia.com.br\/noticia\/imagens\/a-forca-do-querer-novela-resumo-globo-150x112.jpg 150w, https:\/\/migracao.redenoticia.com.br\/noticia\/imagens\/a-forca-do-querer-novela-resumo-globo-265x198.jpg 265w\" sizes=\"auto, (max-width: 150px) 100vw, 150px\" \/><strong><em>Resumo novela \u201cA For\u00e7a do Querer\u201d 26\/07<\/em><\/strong>: no cap\u00edtulo 099(*) da novela \u201cA For\u00e7a do Querer\u201d, resumo de quarta-feira, 26 de julho, Jeiza descobre que C\u00e2ndida est\u00e1 escondendo Am\u00edlcar em casa. Bibi comenta com Aurora sobre a surpresa de Rubinho. Ded\u00e9 pede uma festa de anivers\u00e1rio para a m\u00e3e. Jeiza fala do show marcado por Mere Star e todos se animam. Ded\u00e9 entrega os convites de sua festa para os amigos. Heleninha recebe outro cart\u00e3o de Ot\u00e1vio. Sabi\u00e1 leva Bibi para um churrasco. Ruy comenta com Joyce que Eurico quer que ela abra m\u00e3o de sua parte na empresa. Silvana tenta convencer Joyce a manter seu casamento. Ded\u00e9 entrega o convite de sua festa para Heleninha. Simone questiona Ivana sobre sua viagem com Cl\u00e1udio. Eug\u00eanio conversa com a advogada de Joyce. Ded\u00e9 lamenta com Rubinho que ningu\u00e9m apareceu em sua festa. Cl\u00e1udio espera Ivana no aeroporto para passar uma temporada fora do pa\u00eds com ele.<\/p>\n<p>(*) edi\u00e7\u00e3o da Rede Globo, Novela \u201cA For\u00e7a do Querer\u201d, sujeito a altera\u00e7\u00e3o de data e conte\u00fado.<\/p>\n<p>A For\u00e7a do Querer \u00e9 uma telenovela brasileira produzida e exibida pela Rede Globo. Promissor advogado, Caio \u00e9 cogitado para administrar a Garcia, uma das maiores empresas do pa\u00eds, por\u00e9m, quando Bibi decide terminar o relacionamento, deixa tudo para tr\u00e1s e parte rumo aos Estados Unidos. 15 anos depois, retorna ao Brasil num grande cargo no Judici\u00e1rio e acaba por reencontrar Bibi, que n\u00e3o conseguiu concluir a faculdade e est\u00e1 casada com Rubinho, passando por uma condi\u00e7\u00e3o financeira delicada, que far\u00e3o com que entrem no mundo do crime. Com a recusa de Caio, Eug\u00eanio prepara seu filho, Ruy, para assumir o comando da empresa. Ruy est\u00e1 noivo de Cibele, o que lhe confere estabilidade n\u00e3o somente na vida profissional, como tamb\u00e9m na vida pessoal, no entanto, quando viaja a Parazinho, conhece e se encanta por Ritinha, mulher que adora o fasc\u00ednio que exerce pelos homens, tal como as sereias, que ela acredita ser uma. Noiva de Zeca, caminhoneiro completamente apaixonado por ela, Rita continua seu jogo de sedu\u00e7\u00e3o com o carioca, pois quer seguir a liberdade de seus impulsos. Apesar das cr\u00edticas que ouve a respeito da amada, o amor que Zeca sente \u00e9 maior do que tudo, mas ao descobrir o envolvimento da noiva com o empres\u00e1rio de fora &#8211; com quem tivera um epis\u00f3dio determinante na inf\u00e2ncia, em que um \u00edndio profetizara que &#8220;Se viram tudo igual, \u00e9 um aviso que o esp\u00edrito da floresta est\u00e1 mandando. A vida toda voc\u00eas tomem cuidado com o que brotar das \u00e1guas. O que brotar das \u00e1guas vai juntar voc\u00eas dois e separar de novo!&#8221;, &#8211; decide se mudar e recome\u00e7ar a vida em Niter\u00f3i. Na nova cidade, conhece Jeiza, policial que sonha em se tornar lutadora de MMA, mas sofre com a falta de um parceiro que compreenda seus sonhos.<\/p>\n","protected":false},"excerpt":{"rendered":"<p>Resumo novela \u201cA For\u00e7a do Querer\u201d 26\/07: no cap\u00edtulo 099(*) da novela \u201cA For\u00e7a do Querer\u201d, resumo de quarta-feira, 26 de julho, Jeiza descobre que C\u00e2ndida est\u00e1 escondendo Am\u00edlcar em casa. Bibi comenta com Aurora sobre a surpresa de Rubinho. Ded\u00e9 pede uma festa de anivers\u00e1rio para a m\u00e3e. Jeiza fala do show marcado por [&hellip;]<\/p>\n","protected":false},"author":4,"featured_media":110103,"comment_status":"open","ping_status":"closed","sticky":false,"template":"","format":"standard","meta":{"tdm_status":"","tdm_grid_status":"","footnotes":""},"categories":[379,375,343],"tags":[441],"class_list":{"0":"post-117796","1":"post","2":"type-post","3":"status-publish","4":"format-standard","5":"has-post-thumbnail","7":"category-novelas","8":"category-rede-globo","9":"category-televisao","10":"tag-resumo-do-dia"},"_links":{"self":[{"href":"https:\/\/migracao.redenoticia.com.br\/noticia\/wp-json\/wp\/v2\/posts\/117796","targetHints":{"allow":["GET"]}}],"collection":[{"href":"https:\/\/migracao.redenoticia.com.br\/noticia\/wp-json\/wp\/v2\/posts"}],"about":[{"href":"https:\/\/migracao.redenoticia.com.br\/noticia\/wp-json\/wp\/v2\/types\/post"}],"author":[{"embeddable":true,"href":"https:\/\/migracao.redenoticia.com.br\/noticia\/wp-json\/wp\/v2\/users\/4"}],"replies":[{"embeddable":true,"href":"https:\/\/migracao.redenoticia.com.br\/noticia\/wp-json\/wp\/v2\/comments?post=117796"}],"version-history":[{"count":0,"href":"https:\/\/migracao.redenoticia.com.br\/noticia\/wp-json\/wp\/v2\/posts\/117796\/revisions"}],"wp:featuredmedia":[{"embeddable":true,"href":"https:\/\/migracao.redenoticia.com.br\/noticia\/wp-json\/wp\/v2\/media\/110103"}],"wp:attachment":[{"href":"https:\/\/migracao.redenoticia.com.br\/noticia\/wp-json\/wp\/v2\/media?parent=117796"}],"wp:term":[{"taxonomy":"category","embeddable":true,"href":"https:\/\/migracao.redenoticia.com.br\/noticia\/wp-json\/wp\/v2\/categories?post=117796"},{"taxonomy":"post_tag","embeddable":true,"href":"https:\/\/migracao.redenoticia.com.br\/noticia\/wp-json\/wp\/v2\/tags?post=117796"}],"curies":[{"name":"wp","href":"https:\/\/api.w.org\/{rel}","templated":true}]}}