{"id":1178,"date":"2009-05-05T15:02:09","date_gmt":"2009-05-05T19:02:09","guid":{"rendered":"http:\/\/www.redenoticia.com.br\/noticia\/?p=1178"},"modified":"2009-05-05T15:07:49","modified_gmt":"2009-05-05T19:07:49","slug":"efeitos-sociais-das-obras-das-hidreletricas-preocupa-autoridades","status":"publish","type":"post","link":"https:\/\/migracao.redenoticia.com.br\/noticia\/2009\/efeitos-sociais-das-obras-das-hidreletricas-preocupa-autoridades\/1178","title":{"rendered":"Efeitos sociais da hidrel\u00e9trica preocupam autoridades"},"content":{"rendered":"<p><span>Dando continuidade \u00e0s a\u00e7\u00f5es propositivas para mitigar os efeitos decorrentes das obras de infraestrutura que est\u00e3o ocorrendo em Rond\u00f4nia com<\/span><span>\u00a0a constru\u00e7\u00e3o das hidrel\u00e9tricas do Madeira (Santo Ant\u00f4nio e Jirau),<\/span><span>\u00a0principal obra energ\u00e9tica constante no PAC,<span>\u00a0que o deputado Eduardo Valverde<\/span><\/span><span>\u00a0(PT\/RO) e a Senadora F\u00e1tima Cleide (PT\/RO) promovem\u00a0<\/span><span>nesta quinta-feira (7), \u00e0s 14 horas, no audit\u00f3rio do Sesc em Porto Velho, o\u00a0<strong>Semin\u00e1rio Desenvolvimento no entorno do Madeira.<\/strong><\/span><\/p>\n<p><strong><span>\u00a0<\/span><\/strong><\/p>\n<p><span>De acordo com Valverde, \u00e9 preciso haver um empenho conjunto entre Governo Federal, Estadual e Municipal na efetiva\u00e7\u00e3o de a\u00e7\u00f5es de planejamento e de execu\u00e7\u00e3o de pol\u00edticas p\u00fablicas em torno dos empreendimentos para minimizar impactos sociais e ambientais nos centro urbano e fora dele.<\/span><\/p>\n<p><span>\u201cOs tr\u00eas entes federativos precisam trabalhar juntos, o que requer um plano articulado de desenvolvimento regional. N\u00e3o podemos ficar com o \u00f4nus de ter uma periferia urbana que experimentou crescimento por causa das hidrel\u00e9tricas, e depois do tempo de constru\u00e7\u00e3o das usinas seja marcada pela mis\u00e9ria e falta de estrutura\u201d, observou.<\/span><\/p>\n<p><span>Para debaterem as a\u00e7\u00f5es que dever\u00e3o ser implementadas para evitar os efeitos negativos que Rond\u00f4nia poder\u00e1 herdar em conseq\u00fc\u00eancia do fluxo migrat\u00f3rio al\u00e9m das transforma\u00e7\u00f5es no quadro demogr\u00e1fico, problemas ambientais, e ainda na estrutura econ\u00f4mica e social de toda a regi\u00e3o nos pr\u00f3ximos dez anos, mesmo ap\u00f3s o t\u00e9rmino das hidrel\u00e9tricas foram convidados o presidente do Banco Nacional do Desenvolvimento Econ\u00f4mico e Social(BNDES),Banco da Amaz\u00f4nia(BASA), representantes dos Minist\u00e9rios do Desenvolvimento Social, Meio Ambiente e Integra\u00e7\u00e3o Nacional, representantes dos cons\u00f3rcios envolvidos nas obras e sindicatos do estado.<\/span><\/p>\n","protected":false},"excerpt":{"rendered":"<p>Dando continuidade \u00e0s a\u00e7\u00f5es propositivas para mitigar os efeitos decorrentes das obras de infraestrutura que est\u00e3o ocorrendo em Rond\u00f4nia com\u00a0a constru\u00e7\u00e3o das hidrel\u00e9tricas do Madeira (Santo Ant\u00f4nio e Jirau),\u00a0principal obra energ\u00e9tica constante no PAC,\u00a0que o deputado Eduardo Valverde\u00a0(PT\/RO) e a Senadora F\u00e1tima Cleide (PT\/RO) promovem\u00a0nesta quinta-feira (7), \u00e0s 14 horas, no audit\u00f3rio do Sesc em [&hellip;]<\/p>\n","protected":false},"author":2,"featured_media":0,"comment_status":"open","ping_status":"open","sticky":false,"template":"","format":"standard","meta":{"tdm_status":"","tdm_grid_status":"","footnotes":""},"categories":[22],"tags":[],"class_list":{"0":"post-1178","1":"post","2":"type-post","3":"status-publish","4":"format-standard","6":"category-brasil"},"_links":{"self":[{"href":"https:\/\/migracao.redenoticia.com.br\/noticia\/wp-json\/wp\/v2\/posts\/1178","targetHints":{"allow":["GET"]}}],"collection":[{"href":"https:\/\/migracao.redenoticia.com.br\/noticia\/wp-json\/wp\/v2\/posts"}],"about":[{"href":"https:\/\/migracao.redenoticia.com.br\/noticia\/wp-json\/wp\/v2\/types\/post"}],"author":[{"embeddable":true,"href":"https:\/\/migracao.redenoticia.com.br\/noticia\/wp-json\/wp\/v2\/users\/2"}],"replies":[{"embeddable":true,"href":"https:\/\/migracao.redenoticia.com.br\/noticia\/wp-json\/wp\/v2\/comments?post=1178"}],"version-history":[{"count":0,"href":"https:\/\/migracao.redenoticia.com.br\/noticia\/wp-json\/wp\/v2\/posts\/1178\/revisions"}],"wp:attachment":[{"href":"https:\/\/migracao.redenoticia.com.br\/noticia\/wp-json\/wp\/v2\/media?parent=1178"}],"wp:term":[{"taxonomy":"category","embeddable":true,"href":"https:\/\/migracao.redenoticia.com.br\/noticia\/wp-json\/wp\/v2\/categories?post=1178"},{"taxonomy":"post_tag","embeddable":true,"href":"https:\/\/migracao.redenoticia.com.br\/noticia\/wp-json\/wp\/v2\/tags?post=1178"}],"curies":[{"name":"wp","href":"https:\/\/api.w.org\/{rel}","templated":true}]}}