{"id":117816,"date":"2017-07-26T16:31:50","date_gmt":"2017-07-26T19:31:50","guid":{"rendered":"https:\/\/www.redenoticia.com.br\/noticia\/?p=117816"},"modified":"2017-07-26T16:20:14","modified_gmt":"2017-07-26T19:20:14","slug":"resumo-novela-o-que-a-vida-me-roubou-2707-jose-luis-ameaca-montserrat-com-uma-arma","status":"publish","type":"post","link":"https:\/\/migracao.redenoticia.com.br\/noticia\/2017\/resumo-novela-o-que-a-vida-me-roubou-2707-jose-luis-ameaca-montserrat-com-uma-arma\/117816","title":{"rendered":"Resumo novela \u201cO Que A Vida Me Roubou\u201d 27\/07: Jos\u00e9 Lu\u00eds amea\u00e7a Montserrat"},"content":{"rendered":"<p><img loading=\"lazy\" decoding=\"async\" src=\"https:\/\/migracao.redenoticia.com.br\/noticia\/imagens\/o-que-a-vida-me-roubou-novela-resumo-sbt-150x112.jpg\" alt=\"\" width=\"150\" height=\"112\" class=\"alignleft size-thumbnail wp-image-105656\" srcset=\"https:\/\/migracao.redenoticia.com.br\/noticia\/imagens\/o-que-a-vida-me-roubou-novela-resumo-sbt-150x112.jpg 150w, https:\/\/migracao.redenoticia.com.br\/noticia\/imagens\/o-que-a-vida-me-roubou-novela-resumo-sbt-265x198.jpg 265w\" sizes=\"auto, (max-width: 150px) 100vw, 150px\" \/><strong><em>Resumo novela \u201cO Que A Vida Me Roubou\u201d 27\/07<\/em><\/strong>: no cap\u00edtulo 129(*) da novela \u201cO Que A Vida Me Roubou\u201d, resumo de quinta-feira, 27 de julho, N\u00e1dia e V\u00edtor visitam Esmeralda para conhecer Angel e ela diz que pretende voltar a dan\u00e7ar. Eles apoiam sua decis\u00e3o. Jos\u00e9 Luiz deixa a casa de Montserrat e ao se despedir de Laurinho pede que lembre a sua m\u00e3e o quanto ele a ama. Padre Anselmo cr\u00edtica Mac\u00e1rio por n\u00e3o ter contado que Fab\u00edola \u00e9 filha de Graziela e Benjamim, pois poderiam ter sido evitadas muitas trag\u00e9dias. Montserrat telefona para Ros\u00e1rio para contar que Jos\u00e9 Luiz foi embora, mas a fez prometer que o deixaria ver seu filho assim que nascer. Maria telefona para Alessandro e pede que v\u00e1 busc\u00e1-la. Montserrat recebe uma mensagem an\u00f4nima dizendo que se quer saber o que Alessandro faz quando n\u00e3o est\u00e1 com ela, v\u00e1 at\u00e9 o endere\u00e7o e comprove. Montserrat encontra Maria e Alessandro seminus na casa de Maria, mas n\u00e3o acredita na arma\u00e7\u00e3o. Jos\u00e9 Luiz procura Montserrat, diz que mudou de ideia e n\u00e3o a deixa ir embora e a amea\u00e7a com um rev\u00f3lver. Furioso, Alessandro diz que voltar\u00e1 para levar sua esposa e seu filho.<\/p>\n<p>(*) edi\u00e7\u00e3o do SBT, Novela \u201cO Que A Vida Me Roubou\u201d, sujeito a altera\u00e7\u00e3o de data e conte\u00fado.<\/p>\n<p>Lo que la vida me rob\u00f3 (no Brasil, O Que a Vida Me Roubou) \u00e9 uma telenovela mexicana produzida por Angelli Nesma Medina para Televisa e exibida pelo Canal de las Estrellas entre 28 de outubro de 2013 e 27 de julho de 2014 em 196 cap\u00edtulos, substituindo La tempestad e sendo substitu\u00edda por Hasta el fin del mundo. A original \u00e9 de Caridad Bravo Adams, sendo esta um remake modernizado das novelas Bodas de odio e Amor real, produzidas em 1983 e 2003, respectivamente. Tem Angelique Boyer, Sebasti\u00e1n Rulli, Luis Roberto Guzm\u00e1n, Daniela Castro, Grettell Vald\u00e9z, Sergio Sendel e Lisset nos papeis principais.<\/p>\n","protected":false},"excerpt":{"rendered":"<p>Resumo novela \u201cO Que A Vida Me Roubou\u201d 27\/07: no cap\u00edtulo 129(*) da novela \u201cO Que A Vida Me Roubou\u201d, resumo de quinta-feira, 27 de julho, N\u00e1dia e V\u00edtor visitam Esmeralda para conhecer Angel e ela diz que pretende voltar a dan\u00e7ar. Eles apoiam sua decis\u00e3o. Jos\u00e9 Luiz deixa a casa de Montserrat e ao [&hellip;]<\/p>\n","protected":false},"author":4,"featured_media":105656,"comment_status":"open","ping_status":"closed","sticky":false,"template":"","format":"standard","meta":{"tdm_status":"","tdm_grid_status":"","footnotes":""},"categories":[379,372,343],"tags":[441],"class_list":{"0":"post-117816","1":"post","2":"type-post","3":"status-publish","4":"format-standard","5":"has-post-thumbnail","7":"category-novelas","8":"category-sbt","9":"category-televisao","10":"tag-resumo-do-dia"},"_links":{"self":[{"href":"https:\/\/migracao.redenoticia.com.br\/noticia\/wp-json\/wp\/v2\/posts\/117816","targetHints":{"allow":["GET"]}}],"collection":[{"href":"https:\/\/migracao.redenoticia.com.br\/noticia\/wp-json\/wp\/v2\/posts"}],"about":[{"href":"https:\/\/migracao.redenoticia.com.br\/noticia\/wp-json\/wp\/v2\/types\/post"}],"author":[{"embeddable":true,"href":"https:\/\/migracao.redenoticia.com.br\/noticia\/wp-json\/wp\/v2\/users\/4"}],"replies":[{"embeddable":true,"href":"https:\/\/migracao.redenoticia.com.br\/noticia\/wp-json\/wp\/v2\/comments?post=117816"}],"version-history":[{"count":0,"href":"https:\/\/migracao.redenoticia.com.br\/noticia\/wp-json\/wp\/v2\/posts\/117816\/revisions"}],"wp:featuredmedia":[{"embeddable":true,"href":"https:\/\/migracao.redenoticia.com.br\/noticia\/wp-json\/wp\/v2\/media\/105656"}],"wp:attachment":[{"href":"https:\/\/migracao.redenoticia.com.br\/noticia\/wp-json\/wp\/v2\/media?parent=117816"}],"wp:term":[{"taxonomy":"category","embeddable":true,"href":"https:\/\/migracao.redenoticia.com.br\/noticia\/wp-json\/wp\/v2\/categories?post=117816"},{"taxonomy":"post_tag","embeddable":true,"href":"https:\/\/migracao.redenoticia.com.br\/noticia\/wp-json\/wp\/v2\/tags?post=117816"}],"curies":[{"name":"wp","href":"https:\/\/api.w.org\/{rel}","templated":true}]}}