{"id":117818,"date":"2017-07-26T16:32:51","date_gmt":"2017-07-26T19:32:51","guid":{"rendered":"https:\/\/www.redenoticia.com.br\/noticia\/?p=117818"},"modified":"2017-07-26T16:13:37","modified_gmt":"2017-07-26T19:13:37","slug":"resumo-novela-carinha-de-anjo-2707-dulce-maria-nao-quer-ver-a-nova-cecilia","status":"publish","type":"post","link":"https:\/\/migracao.redenoticia.com.br\/noticia\/2017\/resumo-novela-carinha-de-anjo-2707-dulce-maria-nao-quer-ver-a-nova-cecilia\/117818","title":{"rendered":"Resumo novela \u201cCarinha de Anjo\u201d 27\/07: Dulce Maria n\u00e3o quer ver a nova Cec\u00edlia"},"content":{"rendered":"<p><img loading=\"lazy\" decoding=\"async\" class=\"alignleft size-thumbnail wp-image-99331\" src=\"https:\/\/migracao.redenoticia.com.br\/noticia\/imagens\/carinha_de_anjo_sbt_novela_resumo_capitulo-150x112.jpg\" alt=\"carinha_de_anjo_sbt_novela_resumo_capitulo\" width=\"150\" height=\"112\" srcset=\"https:\/\/migracao.redenoticia.com.br\/noticia\/imagens\/carinha_de_anjo_sbt_novela_resumo_capitulo-150x112.jpg 150w, https:\/\/migracao.redenoticia.com.br\/noticia\/imagens\/carinha_de_anjo_sbt_novela_resumo_capitulo-265x198.jpg 265w\" sizes=\"auto, (max-width: 150px) 100vw, 150px\" \/><strong><em>Resumo novela \u201cCarinha de Anjo\u201d 27\/07<\/em><\/strong>: no cap\u00edtulo 179(*) da novela \u201cCarinha de Anjo\u201d, resumo de quinta-feira, 27 de julho, Gustavo fica impressionado com a transforma\u00e7\u00e3o de Cec\u00edlia e a chama de irm\u00e3, mas Cec\u00edlia pede para que ele n\u00e3o lhe chame mais assim. Na sequ\u00eancia, Gustavo explica como foi o acidente de Dulce. Cec\u00edlia chora e se sente culpada por tudo: \u201cEu nunca vou me perdoar. A sua filha \u00e9 a coisa mais importante do mundo para mim\u201d, diz. Gustavo tenta acalmar a ex-novi\u00e7a. Ao Luciano e seus amigos abrirem a caixa misteriosa que estava com Em\u00edlio, Miguel e Z\u00e9 Felipe, acabam caindo na armadilha e ficam sujos de \u201ccoc\u00f4\u201d. Antes de Cec\u00edlia ver a carinha de anjo, Estef\u00e2nia tenta explicar para Dulce Maria o fato de Cec\u00edlia n\u00e3o usar mais o h\u00e1bito. A carinha de anjo diz que n\u00e3o quer ver essa nova Cec\u00edlia que lhe abandonou, pois gosta apenas da irm\u00e3 Cec\u00edlia. Haydee descobre que Noemia \u00e9 a mulher mais velha que viu na academia. Fl\u00e1vio tenta explicar que a mulher \u00e9 muito rica, mas Haydee diz que jamais aceitar\u00e1 Noemia por ser velha demais para ele. Dulce diz ao pai que Cec\u00edlia n\u00e3o poder\u00e1 mais coloc\u00e1-la para dormir todo dia ou se tornar sua m\u00e3e, ent\u00e3o ela n\u00e3o \u00e9 mais uma pessoa especial, mas sim uma mulher qualquer.<\/p>\n<p>(*) edi\u00e7\u00e3o do SBT, Novela \u201cCarinha de Anjo\u201d, sujeito a altera\u00e7\u00e3o de data e conte\u00fado.<\/p>\n<p>Carinha de Anjo \u00e9 uma telenovela brasileira produzida e exibida originalmente pelo SBT desde o dia 21 de novembro de 2016, substituindo o hor\u00e1rio anteriormente ocupado por C\u00famplices de um Resgate. A telenovela \u00e9 inspirada na mexicana Carita de \u00e1ngel, que, por sua vez, \u00e9 um remake de Mundo de juguete, ambas produzidas pela Televisa e que haviam sido baseadas na trama argentina escrita por Abel Santa Cruz, Pap\u00e1 coraz\u00f3n. Esta ser\u00e1 a segunda adapta\u00e7\u00e3o brasileira da obra original argentina, visto que a Rede Tupi apresentou em 1976 a sua primeira vers\u00e3o, chamada de Papai Cora\u00e7\u00e3o. A nova vers\u00e3o \u00e9 escrita por Leonor Corr\u00eaa, com supervis\u00e3o de \u00cdris Abravanel e dire\u00e7\u00e3o geral de Ricardo Mantoanelli. A trama conta com Lorena Queiroz, Bia Arantes, Carlo Porto, Priscila Sol, Dani Gondim, Karin Hils, Eliana Guttman e Lucero nos pap\u00e9is principais.<\/p>\n","protected":false},"excerpt":{"rendered":"<p>Resumo novela \u201cCarinha de Anjo\u201d 27\/07: no cap\u00edtulo 179(*) da novela \u201cCarinha de Anjo\u201d, resumo de quinta-feira, 27 de julho, Gustavo fica impressionado com a transforma\u00e7\u00e3o de Cec\u00edlia e a chama de irm\u00e3, mas Cec\u00edlia pede para que ele n\u00e3o lhe chame mais assim. Na sequ\u00eancia, Gustavo explica como foi o acidente de Dulce. Cec\u00edlia [&hellip;]<\/p>\n","protected":false},"author":4,"featured_media":99331,"comment_status":"open","ping_status":"closed","sticky":false,"template":"","format":"standard","meta":{"tdm_status":"","tdm_grid_status":"","footnotes":""},"categories":[452,379,372,343],"tags":[441],"class_list":{"0":"post-117818","1":"post","2":"type-post","3":"status-publish","4":"format-standard","5":"has-post-thumbnail","7":"category-carinha-de-anjo","8":"category-novelas","9":"category-sbt","10":"category-televisao","11":"tag-resumo-do-dia"},"_links":{"self":[{"href":"https:\/\/migracao.redenoticia.com.br\/noticia\/wp-json\/wp\/v2\/posts\/117818","targetHints":{"allow":["GET"]}}],"collection":[{"href":"https:\/\/migracao.redenoticia.com.br\/noticia\/wp-json\/wp\/v2\/posts"}],"about":[{"href":"https:\/\/migracao.redenoticia.com.br\/noticia\/wp-json\/wp\/v2\/types\/post"}],"author":[{"embeddable":true,"href":"https:\/\/migracao.redenoticia.com.br\/noticia\/wp-json\/wp\/v2\/users\/4"}],"replies":[{"embeddable":true,"href":"https:\/\/migracao.redenoticia.com.br\/noticia\/wp-json\/wp\/v2\/comments?post=117818"}],"version-history":[{"count":0,"href":"https:\/\/migracao.redenoticia.com.br\/noticia\/wp-json\/wp\/v2\/posts\/117818\/revisions"}],"wp:featuredmedia":[{"embeddable":true,"href":"https:\/\/migracao.redenoticia.com.br\/noticia\/wp-json\/wp\/v2\/media\/99331"}],"wp:attachment":[{"href":"https:\/\/migracao.redenoticia.com.br\/noticia\/wp-json\/wp\/v2\/media?parent=117818"}],"wp:term":[{"taxonomy":"category","embeddable":true,"href":"https:\/\/migracao.redenoticia.com.br\/noticia\/wp-json\/wp\/v2\/categories?post=117818"},{"taxonomy":"post_tag","embeddable":true,"href":"https:\/\/migracao.redenoticia.com.br\/noticia\/wp-json\/wp\/v2\/tags?post=117818"}],"curies":[{"name":"wp","href":"https:\/\/api.w.org\/{rel}","templated":true}]}}