{"id":117826,"date":"2017-07-26T16:36:49","date_gmt":"2017-07-26T19:36:49","guid":{"rendered":"https:\/\/www.redenoticia.com.br\/noticia\/?p=117826"},"modified":"2017-07-26T16:17:49","modified_gmt":"2017-07-26T19:17:49","slug":"resumo-novela-novo-mundo-2707-anna-e-thomas-se-encontram-na-audiencia","status":"publish","type":"post","link":"https:\/\/migracao.redenoticia.com.br\/noticia\/2017\/resumo-novela-novo-mundo-2707-anna-e-thomas-se-encontram-na-audiencia\/117826","title":{"rendered":"Resumo novela \u201cNovo Mundo\u201d 27\/07: Anna e Thomas se encontram na audi\u00eancia"},"content":{"rendered":"<p><img loading=\"lazy\" decoding=\"async\" class=\"alignleft size-thumbnail wp-image-107950\" src=\"https:\/\/migracao.redenoticia.com.br\/noticia\/imagens\/novo_mundo_novela_resumo_globo-150x112.jpg\" alt=\"\" width=\"150\" height=\"112\" srcset=\"https:\/\/migracao.redenoticia.com.br\/noticia\/imagens\/novo_mundo_novela_resumo_globo-150x112.jpg 150w, https:\/\/migracao.redenoticia.com.br\/noticia\/imagens\/novo_mundo_novela_resumo_globo-265x198.jpg 265w\" sizes=\"auto, (max-width: 150px) 100vw, 150px\" \/><strong><em>Resumo novela \u201cNovo Mundo\u201d 27\/07<\/em><\/strong>: no cap\u00edtulo 110(*) da novela \u201cNovo Mundo\u201d, resumo de quinta-feira, 27 de julho, Chala\u00e7a conta a Joaquim sobre sua vingan\u00e7a. Am\u00e1lia reconhece a joia que est\u00e1 com Domitila e Peter fica intrigado. Dom Pedro nomeia os Embaixadores do Brasil com a ajuda de Leopoldina. Anna se enfurece com o presente que recebe de Thomas. Piat\u00e3 tem um pressentimento e encontra Jacira. Peter faz uma se\u00e7\u00e3o de hipnose com Am\u00e1lia. Piat\u00e3 enfrenta Ubirajara para cuidar de Jacira. Dom Pedro tenta seduzir Leopoldina. Piat\u00e3 teme pela sa\u00fade de Jacira. Domitila conta para Dom Pedro que foi expulsa do teatro. A comida de Hugo faz sucesso com os clientes e Licurgo se vangloria. Elvira percebe o interesse de Hassan e Jacinto e manda os dois trabalharem para ela. Piat\u00e3 afirma a Jacira que vai curar sua doen\u00e7a. Anna e Thomas se encontram na audi\u00eancia.<\/p>\n<p>(*) edi\u00e7\u00e3o da Rede Globo, Novela \u201cNovo Mundo\u201d, sujeito a altera\u00e7\u00e3o de data e conte\u00fado.<\/p>\n<p>Novo Mundo \u00e9 uma telenovela brasileira produzida pela Rede Globo. Escrita por Thereza Falc\u00e3o e Alessandro Marson, conta com dire\u00e7\u00e3o art\u00edstica de Vin\u00edcius Coimbra. Conta com as participa\u00e7\u00f5es de Isabelle Drummond, Chay Suede, Caio Castro, Let\u00edcia Colin, Leo Jaime, D\u00e9bora Olivieri, Rodrigo Simas, Giullia Buscacio, Vivianne Pasmanter, Guilherme Piva, R\u00f4mulo Estrela, Agatha Moreira, Luisa Micheletti, Gabriel Braga Nunes, e Ingrid Guimar\u00e3es.<\/p>\n","protected":false},"excerpt":{"rendered":"<p>Resumo novela \u201cNovo Mundo\u201d 27\/07: no cap\u00edtulo 110(*) da novela \u201cNovo Mundo\u201d, resumo de quinta-feira, 27 de julho, Chala\u00e7a conta a Joaquim sobre sua vingan\u00e7a. Am\u00e1lia reconhece a joia que est\u00e1 com Domitila e Peter fica intrigado. Dom Pedro nomeia os Embaixadores do Brasil com a ajuda de Leopoldina. Anna se enfurece com o presente [&hellip;]<\/p>\n","protected":false},"author":4,"featured_media":107950,"comment_status":"open","ping_status":"closed","sticky":false,"template":"","format":"standard","meta":{"tdm_status":"","tdm_grid_status":"","footnotes":""},"categories":[379,375,343],"tags":[441],"class_list":{"0":"post-117826","1":"post","2":"type-post","3":"status-publish","4":"format-standard","5":"has-post-thumbnail","7":"category-novelas","8":"category-rede-globo","9":"category-televisao","10":"tag-resumo-do-dia"},"_links":{"self":[{"href":"https:\/\/migracao.redenoticia.com.br\/noticia\/wp-json\/wp\/v2\/posts\/117826","targetHints":{"allow":["GET"]}}],"collection":[{"href":"https:\/\/migracao.redenoticia.com.br\/noticia\/wp-json\/wp\/v2\/posts"}],"about":[{"href":"https:\/\/migracao.redenoticia.com.br\/noticia\/wp-json\/wp\/v2\/types\/post"}],"author":[{"embeddable":true,"href":"https:\/\/migracao.redenoticia.com.br\/noticia\/wp-json\/wp\/v2\/users\/4"}],"replies":[{"embeddable":true,"href":"https:\/\/migracao.redenoticia.com.br\/noticia\/wp-json\/wp\/v2\/comments?post=117826"}],"version-history":[{"count":0,"href":"https:\/\/migracao.redenoticia.com.br\/noticia\/wp-json\/wp\/v2\/posts\/117826\/revisions"}],"wp:featuredmedia":[{"embeddable":true,"href":"https:\/\/migracao.redenoticia.com.br\/noticia\/wp-json\/wp\/v2\/media\/107950"}],"wp:attachment":[{"href":"https:\/\/migracao.redenoticia.com.br\/noticia\/wp-json\/wp\/v2\/media?parent=117826"}],"wp:term":[{"taxonomy":"category","embeddable":true,"href":"https:\/\/migracao.redenoticia.com.br\/noticia\/wp-json\/wp\/v2\/categories?post=117826"},{"taxonomy":"post_tag","embeddable":true,"href":"https:\/\/migracao.redenoticia.com.br\/noticia\/wp-json\/wp\/v2\/tags?post=117826"}],"curies":[{"name":"wp","href":"https:\/\/api.w.org\/{rel}","templated":true}]}}