{"id":117856,"date":"2017-07-27T00:06:12","date_gmt":"2017-07-27T03:06:12","guid":{"rendered":"https:\/\/www.redenoticia.com.br\/noticia\/?p=117856"},"modified":"2017-07-26T20:42:41","modified_gmt":"2017-07-26T23:42:41","slug":"pos-doutorado-em-doencas-inflamatorias-com-bolsa-da-fapesp","status":"publish","type":"post","link":"https:\/\/migracao.redenoticia.com.br\/noticia\/2017\/pos-doutorado-em-doencas-inflamatorias-com-bolsa-da-fapesp\/117856","title":{"rendered":"P\u00f3s-doutorado em Doen\u00e7as Inflamat\u00f3rias com Bolsa da FAPESP"},"content":{"rendered":"<p> Ag\u00eancia FAPESP \u2013 O Centro de Pesquisa em Doen\u00e7as Inflamat\u00f3rias () da Faculdade de Medicina de Ribeir\u00e3o Preto da Universidade de S\u00e3o Paulo (USP), um dos Centros de Pesquisa, Inova\u00e7\u00e3o e Difus\u00e3o (CEPIDs) da FAPESP, oferece tr\u00eas <em><strong>oportunidades de p\u00f3s-doutorado<\/strong><\/em> com Bolsa da Funda\u00e7\u00e3o. Inscri\u00e7\u00e3o at\u00e9 dia 1\u00ba de agosto de 2017.<\/p>\n<p>A primeira vaga \u00e9 em Imunologia e o foco do trabalho \u00e9 o controle da resposta imune em doen\u00e7as infecciosas. A pesquisa \u00e9 coordenada pel professor Fernando Queiroz Cunha.<\/p>\n<p>Os candidatos dever\u00e3o ter conhecimento em imunologia, dominar t\u00e9cnicas de imunologia e, se poss\u00edvel, ter trabalhado com controle da resposta imune. Aqueles com experi\u00eancia pr\u00e9via em t\u00e9cnicas de imunologia e biologia celular ser\u00e3o priorizados. Exige-se t\u00edtulo de doutor.<\/p>\n<p>A oportunidade est\u00e1 publicada no endere\u00e7o .<\/p>\n<p>A segunda vaga\u00a0\u00e9 em Bioqu\u00edmica. A pesquisa \u00e9 coordenada pelo professor Dario S. Zamboni. O candidato deve ter diploma de doutorado e \u00e1rea de fundo nos campos de Biologia Celular, Bioqu\u00edmica ou Doen\u00e7as Infecciosas. Experi\u00eancia pr\u00e9via em t\u00e9cnicas como Biologia Molecular, Bioqu\u00edmica e\/ou Imaging \u00e9 altamente recomendada.<\/p>\n<p>A oportunidade est\u00e1 publicada em\u00a0.<\/p>\n<p>A terceira vaga \u00e9 na \u00e1rea de Farmacologia, com coordena\u00e7\u00e3o do professor Fernando Queiroz Cunha. O candidato deve estar interessado na farmacologia molecular dos receptores acoplados \u00e0 prote\u00edna G (GPCRs), particularmente de adrenoceptores alfa-1 nativos de tecidos musculares lisos e receptores recombinantes humanos expressos heterologicamente em sistemas celulares.<\/p>\n<p>Al\u00e9m disso, o bolsista deve ser capaz de projetar experi\u00eancias e realizar pesquisas baseadas em hip\u00f3teses envolvendo len\u00e7os de m\u00fasculos lisos isolados em banhos de \u00f3rg\u00e3os, cultura de c\u00e9lulas ass\u00e9pticas, transfec\u00e7\u00e3o, liga\u00e7\u00e3o de radioligando, ensaios de sinaliza\u00e7\u00e3o intracelular e identifica\u00e7\u00e3o, quantifica\u00e7\u00e3o e an\u00e1lise de agonismo tendencioso.<\/p>\n<p>A oportunidade est\u00e1 publicada em .<\/p>\n<p>Os interessados na vaga de Imunologia devem enviar curriculum vitae, carta expressando as raz\u00f5es de interesse na posi\u00e7\u00e3o e nomes de dois pesquisadores a serem consultados para recomenda\u00e7\u00e3o para o professor Jo\u00e3o Santana Silva no endere\u00e7o jsdsilva@fmrp.usp.br.<\/p>\n<p>Os interessados na vaga em Bioqu\u00edmica devem enviar e-mail com curr\u00edculo e cartas de recomenda\u00e7\u00e3o para o professor Dario S. Zamboni\u00a0no endere\u00e7o\u00a0dszamboni@fmrp.usp.br.<\/p>\n<p>Os interssados na vaga de farmacologia devem enviar carta de apresenta\u00e7\u00e3o, curriculum vitae e duas cartas de recomenda\u00e7\u00e3o para o professor Fernando Cunha no endere\u00e7o fdqcunha@fmrp.usp.br.<\/p>\n<p>As vagas est\u00e3o abertas a brasileiros e estrangeiros. Os selecionados receber\u00e3o Bolsa de P\u00f3s-Doutorado da FAPESP no valor de R$ 6.819,30 mensais e Reserva T\u00e9cnica. A Reserva T\u00e9cnica de Bolsa de PD equivale a 15% do valor anual da bolsa e tem o objetivo de atender a despesas imprevistas e diretamente relacionadas \u00e0 atividade de pesquisa.<\/p>\n<p>Caso os bolsistas de PD residam em domic\u00edlio diferente e precisem se mudar para a cidade onde se localiza a institui\u00e7\u00e3o-sede da pesquisa, poder\u00e3o ter direito a um Aux\u00edlio-Instala\u00e7\u00e3o. Mais informa\u00e7\u00f5es sobre a Bolsa de P\u00f3s-Doutorado da FAPESP est\u00e3o dispon\u00edveis em .<\/p>\n<p>Outras vagas de bolsas, em diversas \u00e1reas do conhecimento, est\u00e3o no site FAPESP-Oportunidades, em .<\/p>\n","protected":false},"excerpt":{"rendered":"<p>Ag\u00eancia FAPESP \u2013 O Centro de Pesquisa em Doen\u00e7as Inflamat\u00f3rias () da Faculdade de Medicina de Ribeir\u00e3o Preto da Universidade de S\u00e3o Paulo (USP), um dos Centros de Pesquisa, Inova\u00e7\u00e3o e Difus\u00e3o (CEPIDs) da FAPESP, oferece tr\u00eas oportunidades de p\u00f3s-doutorado com Bolsa da Funda\u00e7\u00e3o. Inscri\u00e7\u00e3o at\u00e9 dia 1\u00ba de agosto de 2017. A primeira vaga [&hellip;]<\/p>\n","protected":false},"author":2,"featured_media":28951,"comment_status":"open","ping_status":"closed","sticky":false,"template":"","format":"standard","meta":{"tdm_status":"","tdm_grid_status":"","footnotes":""},"categories":[22,370,353],"tags":[],"class_list":{"0":"post-117856","1":"post","2":"type-post","3":"status-publish","4":"format-standard","5":"has-post-thumbnail","7":"category-brasil","8":"category-inscricao","9":"category-oportunidades"},"_links":{"self":[{"href":"https:\/\/migracao.redenoticia.com.br\/noticia\/wp-json\/wp\/v2\/posts\/117856","targetHints":{"allow":["GET"]}}],"collection":[{"href":"https:\/\/migracao.redenoticia.com.br\/noticia\/wp-json\/wp\/v2\/posts"}],"about":[{"href":"https:\/\/migracao.redenoticia.com.br\/noticia\/wp-json\/wp\/v2\/types\/post"}],"author":[{"embeddable":true,"href":"https:\/\/migracao.redenoticia.com.br\/noticia\/wp-json\/wp\/v2\/users\/2"}],"replies":[{"embeddable":true,"href":"https:\/\/migracao.redenoticia.com.br\/noticia\/wp-json\/wp\/v2\/comments?post=117856"}],"version-history":[{"count":0,"href":"https:\/\/migracao.redenoticia.com.br\/noticia\/wp-json\/wp\/v2\/posts\/117856\/revisions"}],"wp:featuredmedia":[{"embeddable":true,"href":"https:\/\/migracao.redenoticia.com.br\/noticia\/wp-json\/wp\/v2\/media\/28951"}],"wp:attachment":[{"href":"https:\/\/migracao.redenoticia.com.br\/noticia\/wp-json\/wp\/v2\/media?parent=117856"}],"wp:term":[{"taxonomy":"category","embeddable":true,"href":"https:\/\/migracao.redenoticia.com.br\/noticia\/wp-json\/wp\/v2\/categories?post=117856"},{"taxonomy":"post_tag","embeddable":true,"href":"https:\/\/migracao.redenoticia.com.br\/noticia\/wp-json\/wp\/v2\/tags?post=117856"}],"curies":[{"name":"wp","href":"https:\/\/api.w.org\/{rel}","templated":true}]}}