{"id":117874,"date":"2017-07-27T16:40:17","date_gmt":"2017-07-27T19:40:17","guid":{"rendered":"https:\/\/www.redenoticia.com.br\/noticia\/?p=117874"},"modified":"2017-07-27T19:35:00","modified_gmt":"2017-07-27T22:35:00","slug":"novela-ribeirao-do-tempo-resumo-2807-filomena-ve-iara-fazendo-rapel-e-chora","status":"publish","type":"post","link":"https:\/\/migracao.redenoticia.com.br\/noticia\/2017\/novela-ribeirao-do-tempo-resumo-2807-filomena-ve-iara-fazendo-rapel-e-chora\/117874","title":{"rendered":"Novela \u201cRibeir\u00e3o do Tempo\u201d resumo 28\/07: Joca grampeia telefone de Flores"},"content":{"rendered":"<p> <img loading=\"lazy\" decoding=\"async\" class=\"alignleft size-thumbnail wp-image-108265\" src=\"https:\/\/migracao.redenoticia.com.br\/noticia\/imagens\/ribeirao_do_tempo_novela_record_resumo-150x112.jpg\" alt=\"\" width=\"150\" height=\"112\" srcset=\"https:\/\/migracao.redenoticia.com.br\/noticia\/imagens\/ribeirao_do_tempo_novela_record_resumo-150x112.jpg 150w, https:\/\/migracao.redenoticia.com.br\/noticia\/imagens\/ribeirao_do_tempo_novela_record_resumo-265x198.jpg 265w\" sizes=\"auto, (max-width: 150px) 100vw, 150px\" \/><strong><em>Novela \u201cRibeir\u00e3o do Tempo\u201d resumo 28\/07<\/em><\/strong>: no capitulo 104 (*) da novela \u201cRibeir\u00e3o do Tempo\u201d, sexta-feira, 28 de julho, Joca verifica o equipamento de escuta e diz a L\u00e9ia que vai investigar o atentado contra ele. Ellen mostra \u00e0 Patr\u00edcia um convite do Comando Invis\u00edvel para uma manifesta\u00e7\u00e3o contra o resort. Patr\u00edcia aconselha a amiga a falar com o professor Flores. Sereno conta a Flores que um grupo de oper\u00e1rios respondeu a mensagem do Comando Invis\u00edvel dizendo que vai participar da manifesta\u00e7\u00e3o. Os dois comemoram. Filomena liga para Tito para saber se ele vai demorar. Ele diz que n\u00e3o sabe e ela desliga o telefone frustrada. Iara diz a Virg\u00edlio que achou uma solu\u00e7\u00e3o menos s\u00f3rdida para pagar a casa que comprou para sua m\u00e3e. Joca entra sem ser visto no casar\u00e3o de Flores e grampeia os fios da caixa de telefonia. Filomena sente-se sozinha. <\/p>\n<p>Patr\u00edcia adianta para Flores que ela e Ellen est\u00e3o preocupadas com o Comando Invis\u00edvel. Joca diz a Lincon que achou um desrespeito a mat\u00e9ria sobre o casamento. Lincon fica irritado e pede para o detetive ir embora da reda\u00e7\u00e3o. Arminda recebe flores de Beatriz e fica irritada. Beatriz diz a Larissa que Arminda \u00e9 a salva\u00e7\u00e3o de Nicolau e que pretende fazer uma festa para a futura nora. Flores fala para Patr\u00edcia que a tend\u00eancia dele \u00e9 apoiar o Comando Invis\u00edvel, mas ressalta que esse assunto tem de ficar em sigilo. Sereno diz \u00e0 Marta que ela \u00e9 a mulher mais linda de Ribeir\u00e3o. <\/p>\n<p>Bruno liga para Nicolau e diz que ele e Teixeira precisam falar com ele. Eles marcam um encontro na boate. Diana conta a Joca que viu Arminda chorando e afirma que no fundo \u00e9 dele que a executiva gosta. Filomena se produz e se olha no espelho, gostando do que v\u00ea. Ela avisa \u00e0 Clor\u00eds que vai esperar Tito para jantar. Andr\u00e9 conta a S\u00f4nia que os pais dele v\u00e3o viajar e os dois comemoram. Tito chega e diz \u00e0 Fil\u00f3 que est\u00e1 muito cansado. Ele a beija friamente, embora a elogie.<\/p>\n<p>(*) edi\u00e7\u00e3o da Rede Record, Novela \u201cRibeir\u00e3o do Tempo\u201d, sujeito a altera\u00e7\u00e3o de data e conte\u00fado.<\/p>\n","protected":false},"excerpt":{"rendered":"<p>Novela \u201cRibeir\u00e3o do Tempo\u201d resumo 28\/07: no capitulo 104 (*) da novela \u201cRibeir\u00e3o do Tempo\u201d, sexta-feira, 28 de julho, Joca verifica o equipamento de escuta e diz a L\u00e9ia que vai investigar o atentado contra ele. Ellen mostra \u00e0 Patr\u00edcia um convite do Comando Invis\u00edvel para uma manifesta\u00e7\u00e3o contra o resort. Patr\u00edcia aconselha a amiga [&hellip;]<\/p>\n","protected":false},"author":2,"featured_media":108265,"comment_status":"open","ping_status":"closed","sticky":false,"template":"","format":"standard","meta":{"tdm_status":"","tdm_grid_status":"","footnotes":""},"categories":[379,371,343],"tags":[441],"class_list":{"0":"post-117874","1":"post","2":"type-post","3":"status-publish","4":"format-standard","5":"has-post-thumbnail","7":"category-novelas","8":"category-rede-record","9":"category-televisao","10":"tag-resumo-do-dia"},"_links":{"self":[{"href":"https:\/\/migracao.redenoticia.com.br\/noticia\/wp-json\/wp\/v2\/posts\/117874","targetHints":{"allow":["GET"]}}],"collection":[{"href":"https:\/\/migracao.redenoticia.com.br\/noticia\/wp-json\/wp\/v2\/posts"}],"about":[{"href":"https:\/\/migracao.redenoticia.com.br\/noticia\/wp-json\/wp\/v2\/types\/post"}],"author":[{"embeddable":true,"href":"https:\/\/migracao.redenoticia.com.br\/noticia\/wp-json\/wp\/v2\/users\/2"}],"replies":[{"embeddable":true,"href":"https:\/\/migracao.redenoticia.com.br\/noticia\/wp-json\/wp\/v2\/comments?post=117874"}],"version-history":[{"count":0,"href":"https:\/\/migracao.redenoticia.com.br\/noticia\/wp-json\/wp\/v2\/posts\/117874\/revisions"}],"wp:featuredmedia":[{"embeddable":true,"href":"https:\/\/migracao.redenoticia.com.br\/noticia\/wp-json\/wp\/v2\/media\/108265"}],"wp:attachment":[{"href":"https:\/\/migracao.redenoticia.com.br\/noticia\/wp-json\/wp\/v2\/media?parent=117874"}],"wp:term":[{"taxonomy":"category","embeddable":true,"href":"https:\/\/migracao.redenoticia.com.br\/noticia\/wp-json\/wp\/v2\/categories?post=117874"},{"taxonomy":"post_tag","embeddable":true,"href":"https:\/\/migracao.redenoticia.com.br\/noticia\/wp-json\/wp\/v2\/tags?post=117874"}],"curies":[{"name":"wp","href":"https:\/\/api.w.org\/{rel}","templated":true}]}}