{"id":117920,"date":"2017-07-28T00:05:06","date_gmt":"2017-07-28T03:05:06","guid":{"rendered":"https:\/\/www.redenoticia.com.br\/noticia\/?p=117920"},"modified":"2017-07-27T18:12:48","modified_gmt":"2017-07-27T21:12:48","slug":"treinamento-tecnico-tt-3-em-biologia-molecular-com-bolsa-da-fapesp","status":"publish","type":"post","link":"https:\/\/migracao.redenoticia.com.br\/noticia\/2017\/treinamento-tecnico-tt-3-em-biologia-molecular-com-bolsa-da-fapesp\/117920","title":{"rendered":"Treinamento T\u00e9cnico (TT-3) em Biologia Molecular com Bolsa da FAPESP"},"content":{"rendered":"<p> Ag\u00eancia FAPESP \u2013 A Faculdade de Ci\u00eancias Biom\u00e9dicas da Universidade Estadual de Campinas (Unicamp) oferece uma vaga para<em><strong> Treinamento T\u00e9cnico<\/strong><\/em> (TT-3) em Biologia Molecular com bolsa da FAPESP. Interessados devem se inscrever at\u00e9 o dia 1\u00ba de agosto de 2017. A Bolsa est\u00e1 vinculada ao projeto , um aux\u00edlio regular \u00e0 pesquisa da FAPESP que tem Jacqueline Mendon\u00e7a Lopes de Faria como pesquisadora respons\u00e1vel.<\/p>\n<p>A retinopatia proliferativa \u00e9 uma causa comum de perda irrevers\u00edvel da vis\u00e3o em condi\u00e7\u00f5es de retinopatia isqu\u00eamica como retinopatia diab\u00e9tica avan\u00e7ada, oclus\u00e3o de veia da retina e retinopatia da prematuridade.<\/p>\n<p>O projeto pretende avaliar os mecanismos moleculares e celulares envolvidos, desde a quebra das barreiras endoteliais e epiteliais que precedem a prolifera\u00e7\u00e3o vascular at\u00e9 as fases vascular e fibrovascular da angiog\u00eanese &#8220;patol\u00f3gica&#8221; em condi\u00e7\u00f5es de isquemia, com massiva transforma\u00e7\u00e3o mesenquimal de c\u00e9lulas epiteliais, vasculares e gliais.<\/p>\n<p>A pesquisa permitir\u00e1 avaliar novas alternativas terap\u00eauticas n\u00e3o invasivas para o tratamento desse quadro ocular irrevers\u00edvel.<\/p>\n<p>Os interessados dever\u00e3o enviar e-mail para a pesquisadora respons\u00e1vel, no endere\u00e7o lopesdefariajm@gmail.com.<\/p>\n<p>A vaga \u00e9 para a modalidade TT-3 da Bolsa FAPESP para capacita\u00e7\u00e3o t\u00e9cnica, no valor de R$ 1.136,40. Essa bolsa \u00e9 voltada para alunos graduados do n\u00edvel superior, sem reprova\u00e7\u00f5es em seu hist\u00f3rico escolar e sem v\u00ednculo empregat\u00edcio, com dedica\u00e7\u00e3o de 16 a 40 horas semanais \u00e0s atividades de apoio ao projeto de pesquisa. O tempo de bolsa TT-3 ser\u00e1 descontado no caso de o interessado vir a usufruir de Bolsa de Mestrado ou Doutorado Direto.<\/p>\n<p>Mais informa\u00e7\u00f5es sobre as bolsas de capacita\u00e7\u00e3o t\u00e9cnica em .<\/p>\n<p>Outras vagas de bolsas, em diversas \u00e1reas do conhecimento, est\u00e3o no site FAPESP-Oportunidades, em .<\/p>\n","protected":false},"excerpt":{"rendered":"<p>Ag\u00eancia FAPESP \u2013 A Faculdade de Ci\u00eancias Biom\u00e9dicas da Universidade Estadual de Campinas (Unicamp) oferece uma vaga para Treinamento T\u00e9cnico (TT-3) em Biologia Molecular com bolsa da FAPESP. Interessados devem se inscrever at\u00e9 o dia 1\u00ba de agosto de 2017. A Bolsa est\u00e1 vinculada ao projeto , um aux\u00edlio regular \u00e0 pesquisa da FAPESP que [&hellip;]<\/p>\n","protected":false},"author":2,"featured_media":37376,"comment_status":"open","ping_status":"closed","sticky":false,"template":"","format":"standard","meta":{"tdm_status":"","tdm_grid_status":"","footnotes":""},"categories":[22,351,370],"tags":[],"class_list":{"0":"post-117920","1":"post","2":"type-post","3":"status-publish","4":"format-standard","5":"has-post-thumbnail","7":"category-brasil","8":"category-cursos","9":"category-inscricao"},"_links":{"self":[{"href":"https:\/\/migracao.redenoticia.com.br\/noticia\/wp-json\/wp\/v2\/posts\/117920","targetHints":{"allow":["GET"]}}],"collection":[{"href":"https:\/\/migracao.redenoticia.com.br\/noticia\/wp-json\/wp\/v2\/posts"}],"about":[{"href":"https:\/\/migracao.redenoticia.com.br\/noticia\/wp-json\/wp\/v2\/types\/post"}],"author":[{"embeddable":true,"href":"https:\/\/migracao.redenoticia.com.br\/noticia\/wp-json\/wp\/v2\/users\/2"}],"replies":[{"embeddable":true,"href":"https:\/\/migracao.redenoticia.com.br\/noticia\/wp-json\/wp\/v2\/comments?post=117920"}],"version-history":[{"count":0,"href":"https:\/\/migracao.redenoticia.com.br\/noticia\/wp-json\/wp\/v2\/posts\/117920\/revisions"}],"wp:featuredmedia":[{"embeddable":true,"href":"https:\/\/migracao.redenoticia.com.br\/noticia\/wp-json\/wp\/v2\/media\/37376"}],"wp:attachment":[{"href":"https:\/\/migracao.redenoticia.com.br\/noticia\/wp-json\/wp\/v2\/media?parent=117920"}],"wp:term":[{"taxonomy":"category","embeddable":true,"href":"https:\/\/migracao.redenoticia.com.br\/noticia\/wp-json\/wp\/v2\/categories?post=117920"},{"taxonomy":"post_tag","embeddable":true,"href":"https:\/\/migracao.redenoticia.com.br\/noticia\/wp-json\/wp\/v2\/tags?post=117920"}],"curies":[{"name":"wp","href":"https:\/\/api.w.org\/{rel}","templated":true}]}}