{"id":117946,"date":"2017-07-28T16:44:15","date_gmt":"2017-07-28T19:44:15","guid":{"rendered":"https:\/\/www.redenoticia.com.br\/noticia\/?p=117946"},"modified":"2017-07-27T19:27:03","modified_gmt":"2017-07-27T22:27:03","slug":"novela-o-rico-e-lazaro-resumo-3107-nitocris-sente-ciumes-de-namnu-e-nabonido","status":"publish","type":"post","link":"https:\/\/migracao.redenoticia.com.br\/noticia\/2017\/novela-o-rico-e-lazaro-resumo-3107-nitocris-sente-ciumes-de-namnu-e-nabonido\/117946","title":{"rendered":"Novela \u201cO Rico e L\u00e1zaro\u201d resumo 31\/07: Nit\u00f3cris sente ci\u00fames de Namnu e Nabonido"},"content":{"rendered":"<p> <img loading=\"lazy\" decoding=\"async\" class=\"alignleft size-thumbnail wp-image-107948\" src=\"https:\/\/migracao.redenoticia.com.br\/noticia\/imagens\/o_rico_e_o_lazaro_resumo_novela_record-150x112.jpg\" alt=\"\" width=\"150\" height=\"112\" srcset=\"https:\/\/migracao.redenoticia.com.br\/noticia\/imagens\/o_rico_e_o_lazaro_resumo_novela_record-150x112.jpg 150w, https:\/\/migracao.redenoticia.com.br\/noticia\/imagens\/o_rico_e_o_lazaro_resumo_novela_record-265x198.jpg 265w\" sizes=\"auto, (max-width: 150px) 100vw, 150px\" \/><strong><em>Novela \u201cO Rico e L\u00e1zaro\u201d resumo 31\/07<\/em><\/strong>: no capitulo 101(*) da novela \u201cO Rico e L\u00e1zaro\u201d, segunda-feira, 31 de julho, Matias se declara para Gadise. Rebeca lamenta a aus\u00eancia da m\u00e3e de Hurzabum na cerim\u00f4nia. Com tristeza, Shag-Shag deixa a cidade. Zac e Zelfa falam sobre Joana. Asher diz que o pr\u00edncipe Aksumai est\u00e1 na cidade. Amitis presenteia Gadise. Nabucodonosor autoriza a luta entre Nebuzarad\u00e3 e Asher. Aspenaz fala que um escravo Asher est\u00e1 trabalhando no pal\u00e1cio. Joana n\u00e3o acredita que \u00e9 seu grande amor. <\/p>\n<p>Sammu fala de seu de casar com Nebuzarad\u00e3. Ilana passa ensinamento para Gadise. Aksumai visita Nabucodonosor. Daniel sai para visitar Lia. Joana e Asher se recordam de Abel. Zac fica sabendo da luta que acontecer\u00e1 entre o Chefe da Guarda Real e Asher. Hurzabum descobre que Shag-Shag foi embora. Fassur visita Elga. Em conversa com Nicolau, Absalom faz perguntas sobre Rafael e Dana. Shamiran pede para falar a s\u00f3s com a rainha. Beroso manda Larsa trazer novos escravos para a Casa da Lua. <\/p>\n<p>Neusta conduz Edissa at\u00e9 a pris\u00e3o de Joaquim. Daniel se despede de Abednego. Beroso faz uma proposta a Matias. Nit\u00f3cris sente ci\u00fames de Namnu e Nabonido. Shamiran diz estar gr\u00e1vida de Evil. Nebuzarad\u00e3 se mostra ansioso com a luta. Beroso fala que \u00e9 preciso ter Matias ao seu lado. Neusta pede para Joaquim reatar com Edissa. Hurzabum lamenta a aus\u00eancia da m\u00e3e. Daniel \u00e9 surpreendido ao ouvir Larsa dizer que Lia foi levada para a Casa da Lua.<\/p>\n<p>(*) edi\u00e7\u00e3o da Rede Record, Novela \u201cO Rico e L\u00e1zaro\u201d, sujeito a altera\u00e7\u00e3o de data e conte\u00fado.<\/p>\n","protected":false},"excerpt":{"rendered":"<p>Novela \u201cO Rico e L\u00e1zaro\u201d resumo 31\/07: no capitulo 101(*) da novela \u201cO Rico e L\u00e1zaro\u201d, segunda-feira, 31 de julho, Matias se declara para Gadise. Rebeca lamenta a aus\u00eancia da m\u00e3e de Hurzabum na cerim\u00f4nia. Com tristeza, Shag-Shag deixa a cidade. Zac e Zelfa falam sobre Joana. Asher diz que o pr\u00edncipe Aksumai est\u00e1 na [&hellip;]<\/p>\n","protected":false},"author":2,"featured_media":107948,"comment_status":"open","ping_status":"closed","sticky":false,"template":"","format":"standard","meta":{"tdm_status":"","tdm_grid_status":"","footnotes":""},"categories":[379,371,343],"tags":[441],"class_list":{"0":"post-117946","1":"post","2":"type-post","3":"status-publish","4":"format-standard","5":"has-post-thumbnail","7":"category-novelas","8":"category-rede-record","9":"category-televisao","10":"tag-resumo-do-dia"},"_links":{"self":[{"href":"https:\/\/migracao.redenoticia.com.br\/noticia\/wp-json\/wp\/v2\/posts\/117946","targetHints":{"allow":["GET"]}}],"collection":[{"href":"https:\/\/migracao.redenoticia.com.br\/noticia\/wp-json\/wp\/v2\/posts"}],"about":[{"href":"https:\/\/migracao.redenoticia.com.br\/noticia\/wp-json\/wp\/v2\/types\/post"}],"author":[{"embeddable":true,"href":"https:\/\/migracao.redenoticia.com.br\/noticia\/wp-json\/wp\/v2\/users\/2"}],"replies":[{"embeddable":true,"href":"https:\/\/migracao.redenoticia.com.br\/noticia\/wp-json\/wp\/v2\/comments?post=117946"}],"version-history":[{"count":0,"href":"https:\/\/migracao.redenoticia.com.br\/noticia\/wp-json\/wp\/v2\/posts\/117946\/revisions"}],"wp:featuredmedia":[{"embeddable":true,"href":"https:\/\/migracao.redenoticia.com.br\/noticia\/wp-json\/wp\/v2\/media\/107948"}],"wp:attachment":[{"href":"https:\/\/migracao.redenoticia.com.br\/noticia\/wp-json\/wp\/v2\/media?parent=117946"}],"wp:term":[{"taxonomy":"category","embeddable":true,"href":"https:\/\/migracao.redenoticia.com.br\/noticia\/wp-json\/wp\/v2\/categories?post=117946"},{"taxonomy":"post_tag","embeddable":true,"href":"https:\/\/migracao.redenoticia.com.br\/noticia\/wp-json\/wp\/v2\/tags?post=117946"}],"curies":[{"name":"wp","href":"https:\/\/api.w.org\/{rel}","templated":true}]}}