{"id":117993,"date":"2017-07-29T00:07:19","date_gmt":"2017-07-29T03:07:19","guid":{"rendered":"https:\/\/www.redenoticia.com.br\/noticia\/?p=117993"},"modified":"2017-07-28T18:34:22","modified_gmt":"2017-07-28T21:34:22","slug":"resumo-novela-chiquititas-3107-junior-fica-desesperado-com-a-morte-de-jose-ricardo","status":"publish","type":"post","link":"https:\/\/migracao.redenoticia.com.br\/noticia\/2017\/resumo-novela-chiquititas-3107-junior-fica-desesperado-com-a-morte-de-jose-ricardo\/117993","title":{"rendered":"Resumo novela \u201cChiquititas\u201d 31\/07: Junior fica desesperado com a morte de Jos\u00e9 Ricardo"},"content":{"rendered":"<p><img loading=\"lazy\" decoding=\"async\" class=\"alignleft size-thumbnail wp-image-49690\" src=\"https:\/\/migracao.redenoticia.com.br\/noticia\/imagens\/chiquititas1-150x112.jpg\" alt=\"chiquititas\" width=\"150\" height=\"112\" \/><strong><em>Resumo novela \u201cChiquititas\u201d 31\/07<\/em><\/strong>: no cap\u00edtulo 230(*) da novela \u201cChiquititas\u201d, resumo de segunda-feira, 31 de julho, Junior volta para S\u00e3o Paulo com Neco. Carmen n\u00e3o gosta de ver o menino, mas Junior avisa que o garoto ir\u00e1 para o Orfanato Raio de Luz. Carmen avisa que uma fatalidade aconteceu e que Valentina foi atropelada e est\u00e1 em coma. Junior pergunta se prenderam o assassino. Carmen diz que o criminoso fugiu, sem testemunhas e sem c\u00e2meras. Janu joga v\u00e1rios papeis em Cris. Pata tenta defender a amiga e quase briga com Janu. A professora manda as duas para a diretoria. Dani se incomoda por ainda estar numa cadeira de rodas e por ningu\u00e9m querer brincar com ela na escola. Maria aparece e compartilha um lanche com a pequena. Junior visita Jos\u00e9 Ricardo no hospital. Junior faz um longo discurso sobre todo sofrimento familiar gerado por Jos\u00e9 Ricardo. Junior desabafa como se sentia perto dele. Jos\u00e9 Ricardo escuta e chora. \u201cApesar de tudo voc\u00ea \u00e9 o meu pai. Talvez n\u00f3s dois tenhamos errado esse tempo todo. Eu como filho e voc\u00ea como pai\u201d, diz Junior aos prantos. \u201cEu te perdoou por tudo o que voc\u00ea fez!\u201d, conclui Junior. Nesse exato momento Jos\u00e9 Ricardo vem a falecer e Junior fica desesperado. As Chiquititas voltam a se estranhar com as crian\u00e7as da escola. Mili \u00e9 chamada por Heitor para que ela e Renata montem uma festa de aniversario para JP. Renata diz para Mili que ela n\u00e3o lhe engana e sabe que a chiquitita est\u00e1 dando em cima de seu namorado. Mili diz que respeita o namoro deles. Anoitece e Maria Cec\u00edlia vai ao apartamento que morava com a m\u00e3e, Eduarda, fazer as malas para fugir com Tobias. O barista aguarda Maria Cec\u00edlia em um restaurante. Ao sair do apartamento, Maria Cec\u00edlia se depara com Junior, que diz que voltou da Amaz\u00f4nia. Junior conta sobre todos os problemas recentes e da morte de seu pai. Maria volta a visitar Miguel no t\u00fanel do orfanato.<\/p>\n<p>(*) edi\u00e7\u00e3o do SBT, Novela \u201cChiquititas\u201d, sujeito a altera\u00e7\u00e3o de data e conte\u00fado.<\/p>\n<p>Chiquititas gira em torno do orfanato Raio de Luz, que carrega em sua hist\u00f3ria um grande segredo envolvendo a fam\u00edlia e o dono do orfanato, Dr. Jos\u00e9 Ricardo Almeida Campos. Em um per\u00edodo anterior \u00e0 novela, exatos treze anos, sua filha Gabriela se apaixonou e ficou gr\u00e1vida de Miguel, filho de Valentina, empregada da casa dos Almeida Campos. Pouco depois, Jos\u00e9 Ricardo sequestrou sua neta, pois, como um homem conservador, ele n\u00e3o aceitava a ideia de que sua filha se envolvesse com um empregado. Como sua neta, Milena, apelidada como Mili, precisava de um lugar para morar, ele comprou um casar\u00e3o e fundou um orfanato, o Raio de Luz. Mili cresceu l\u00e1 com outras garotas que chegaram posteriormente: Bia, Ana, as irm\u00e3s Tati e Vivi, e Cris. Ao decorrer dos anos, elas se tornam uma fam\u00edlia. Elas s\u00e3o supervisionadas por Ernestina, zeladora do orfanato, e Chico, o cozinheiro amado pelas internas. Sofia, ex-governanta da fam\u00edlia Almeida Campos, \u00e9 a diretora do lugar, at\u00e9 que Carmem, irm\u00e3 de Jos\u00e9 Ricardo, entre em seu lugar. Chegam ainda mais \u00f3rf\u00e3os: Pata, Mosca, Binho e Rafa, que viviam nas ruas antes de entrarem na institui\u00e7\u00e3o. Pata e Mili tornam-se amigas rapidamente, enquanto Mosca, Binho e Rafa s\u00e3o os primeiros garotos a entrar no abrigo. As crian\u00e7as sem-teto foram ajudadas por uma doce e bela garota que tocam e mudam a vida delas, assim como as das garotas \u00f3rf\u00e3s.<\/p>\n","protected":false},"excerpt":{"rendered":"<p>Resumo novela \u201cChiquititas\u201d 31\/07: no cap\u00edtulo 230(*) da novela \u201cChiquititas\u201d, resumo de segunda-feira, 31 de julho, Junior volta para S\u00e3o Paulo com Neco. Carmen n\u00e3o gosta de ver o menino, mas Junior avisa que o garoto ir\u00e1 para o Orfanato Raio de Luz. Carmen avisa que uma fatalidade aconteceu e que Valentina foi atropelada e [&hellip;]<\/p>\n","protected":false},"author":4,"featured_media":49690,"comment_status":"open","ping_status":"closed","sticky":false,"template":"","format":"standard","meta":{"tdm_status":"","tdm_grid_status":"","footnotes":""},"categories":[409,379,372,343],"tags":[441],"class_list":{"0":"post-117993","1":"post","2":"type-post","3":"status-publish","4":"format-standard","5":"has-post-thumbnail","7":"category-chiquititas","8":"category-novelas","9":"category-sbt","10":"category-televisao","11":"tag-resumo-do-dia"},"_links":{"self":[{"href":"https:\/\/migracao.redenoticia.com.br\/noticia\/wp-json\/wp\/v2\/posts\/117993","targetHints":{"allow":["GET"]}}],"collection":[{"href":"https:\/\/migracao.redenoticia.com.br\/noticia\/wp-json\/wp\/v2\/posts"}],"about":[{"href":"https:\/\/migracao.redenoticia.com.br\/noticia\/wp-json\/wp\/v2\/types\/post"}],"author":[{"embeddable":true,"href":"https:\/\/migracao.redenoticia.com.br\/noticia\/wp-json\/wp\/v2\/users\/4"}],"replies":[{"embeddable":true,"href":"https:\/\/migracao.redenoticia.com.br\/noticia\/wp-json\/wp\/v2\/comments?post=117993"}],"version-history":[{"count":0,"href":"https:\/\/migracao.redenoticia.com.br\/noticia\/wp-json\/wp\/v2\/posts\/117993\/revisions"}],"wp:featuredmedia":[{"embeddable":true,"href":"https:\/\/migracao.redenoticia.com.br\/noticia\/wp-json\/wp\/v2\/media\/49690"}],"wp:attachment":[{"href":"https:\/\/migracao.redenoticia.com.br\/noticia\/wp-json\/wp\/v2\/media?parent=117993"}],"wp:term":[{"taxonomy":"category","embeddable":true,"href":"https:\/\/migracao.redenoticia.com.br\/noticia\/wp-json\/wp\/v2\/categories?post=117993"},{"taxonomy":"post_tag","embeddable":true,"href":"https:\/\/migracao.redenoticia.com.br\/noticia\/wp-json\/wp\/v2\/tags?post=117993"}],"curies":[{"name":"wp","href":"https:\/\/api.w.org\/{rel}","templated":true}]}}