{"id":118059,"date":"2017-07-31T00:05:55","date_gmt":"2017-07-31T03:05:55","guid":{"rendered":"https:\/\/www.redenoticia.com.br\/noticia\/?p=118059"},"modified":"2017-07-30T19:06:20","modified_gmt":"2017-07-30T22:06:20","slug":"unifesp-oferecera-curso-gratuito-inovacao-aplicada-a-saude","status":"publish","type":"post","link":"https:\/\/migracao.redenoticia.com.br\/noticia\/2017\/unifesp-oferecera-curso-gratuito-inovacao-aplicada-a-saude\/118059","title":{"rendered":"Unifesp oferecer\u00e1 curso gratuito Inova\u00e7\u00e3o Aplicada \u00e0 Sa\u00fade"},"content":{"rendered":"<p> Ag\u00eancia FAPESP \u2013 O curso gratuito <strong><em>Inova\u00e7\u00e3o Aplicada \u00e0 Sa\u00fade<\/em><\/strong> da Escola Paulista de Medicina da Universidade Federal de S\u00e3o Paulo (EPM-Unifesp) est\u00e1 com inscri\u00e7\u00f5es abertas at\u00e9 dia 1 de agosto de 2017. As aulas ser\u00e3o dadas nas quartas-feiras, de 2 agosto at\u00e9 29 de novembro, das 19h30 \u00e0s 22h.<\/p>\n<p>Organizado pelo Departamento de Oftalmologia e Ci\u00eancias Visuais da EPM-Unifesp, o curso abordar\u00e1 temas como gest\u00e3o da inova\u00e7\u00e3o, intermedia\u00e7\u00e3o de ideias, processos e estruturas de inova\u00e7\u00e3o, sistemas de incentivo, gest\u00e3o de portf\u00f3lio, estrat\u00e9gias mais eficazes para otimizar e executar inova\u00e7\u00f5es, cases de sucesso e fracasso, entre outros.<\/p>\n<p>As aulas combinam sess\u00f5es expositivas, an\u00e1lises de casos, relatos de l\u00edderes em inova\u00e7\u00e3o e apresenta\u00e7\u00f5es. Os assuntos discutidos se concentrar\u00e3o em organiza\u00e7\u00f5es empreendedoras (novas ou estabelecidas) e organiza\u00e7\u00f5es que foram bem ou malsucedidas no seu processo de inova\u00e7\u00e3o.<\/p>\n<p>Alexandre Holthausen Campos (Diretor Acad\u00eamico de Ensino do Albert Einstein \u2013 Instituto Israelita de Ensino e Pesquisa), Amaury Guerrero (CEO do Hospital de Olhos Brasil), Bruno Barata (Presidente da Comiss\u00e3o Internacional de Harvard Law School), F\u00e1bio Solferini (Presidente e CEO do fundo FC Stone), Franscisco Sampaio (Membro e ex-Presidente da Academia Nacional de Medicina) e Pedro Janowitzer (Vice-Presidente LATAM) s\u00e3o alguns dos palestrante que participar\u00e3o do curso.<\/p>\n<p>Os interessados devem se inscrever pelo . As aulas ser\u00e3o dadas no Anfiteatro Leit\u00e3o da Cunha da EPM-Unifesp, rua Botucatu, 740, Vila Clementino, S\u00e3o Paulo.<\/p>\n<p>Mais informa\u00e7\u00f5es: .<\/p>\n","protected":false},"excerpt":{"rendered":"<p>Ag\u00eancia FAPESP \u2013 O curso gratuito Inova\u00e7\u00e3o Aplicada \u00e0 Sa\u00fade da Escola Paulista de Medicina da Universidade Federal de S\u00e3o Paulo (EPM-Unifesp) est\u00e1 com inscri\u00e7\u00f5es abertas at\u00e9 dia 1 de agosto de 2017. As aulas ser\u00e3o dadas nas quartas-feiras, de 2 agosto at\u00e9 29 de novembro, das 19h30 \u00e0s 22h. Organizado pelo Departamento de Oftalmologia [&hellip;]<\/p>\n","protected":false},"author":2,"featured_media":57579,"comment_status":"open","ping_status":"closed","sticky":false,"template":"","format":"standard","meta":{"tdm_status":"","tdm_grid_status":"","footnotes":""},"categories":[22,351,370],"tags":[],"class_list":{"0":"post-118059","1":"post","2":"type-post","3":"status-publish","4":"format-standard","5":"has-post-thumbnail","7":"category-brasil","8":"category-cursos","9":"category-inscricao"},"_links":{"self":[{"href":"https:\/\/migracao.redenoticia.com.br\/noticia\/wp-json\/wp\/v2\/posts\/118059","targetHints":{"allow":["GET"]}}],"collection":[{"href":"https:\/\/migracao.redenoticia.com.br\/noticia\/wp-json\/wp\/v2\/posts"}],"about":[{"href":"https:\/\/migracao.redenoticia.com.br\/noticia\/wp-json\/wp\/v2\/types\/post"}],"author":[{"embeddable":true,"href":"https:\/\/migracao.redenoticia.com.br\/noticia\/wp-json\/wp\/v2\/users\/2"}],"replies":[{"embeddable":true,"href":"https:\/\/migracao.redenoticia.com.br\/noticia\/wp-json\/wp\/v2\/comments?post=118059"}],"version-history":[{"count":0,"href":"https:\/\/migracao.redenoticia.com.br\/noticia\/wp-json\/wp\/v2\/posts\/118059\/revisions"}],"wp:featuredmedia":[{"embeddable":true,"href":"https:\/\/migracao.redenoticia.com.br\/noticia\/wp-json\/wp\/v2\/media\/57579"}],"wp:attachment":[{"href":"https:\/\/migracao.redenoticia.com.br\/noticia\/wp-json\/wp\/v2\/media?parent=118059"}],"wp:term":[{"taxonomy":"category","embeddable":true,"href":"https:\/\/migracao.redenoticia.com.br\/noticia\/wp-json\/wp\/v2\/categories?post=118059"},{"taxonomy":"post_tag","embeddable":true,"href":"https:\/\/migracao.redenoticia.com.br\/noticia\/wp-json\/wp\/v2\/tags?post=118059"}],"curies":[{"name":"wp","href":"https:\/\/api.w.org\/{rel}","templated":true}]}}