{"id":118061,"date":"2017-07-31T00:06:15","date_gmt":"2017-07-31T03:06:15","guid":{"rendered":"https:\/\/www.redenoticia.com.br\/noticia\/?p=118061"},"modified":"2017-07-30T19:07:56","modified_gmt":"2017-07-30T22:07:56","slug":"pos-doutorado-em-tratamento-de-residuos-solidos-com-bolsa-da-fapesp","status":"publish","type":"post","link":"https:\/\/migracao.redenoticia.com.br\/noticia\/2017\/pos-doutorado-em-tratamento-de-residuos-solidos-com-bolsa-da-fapesp\/118061","title":{"rendered":"P\u00f3s-doutorado em Tratamento de Res\u00edduos S\u00f3lidos com Bolsa da FAPESP"},"content":{"rendered":"<p> Ag\u00eancia FAPESP \u2013 O Departamento de Engenharia Qu\u00edmica da Escola Polit\u00e9cnica (Poli) da Universidade de S\u00e3o Paulo (USP) oferece uma oportunidade de <strong><em>P\u00f3s-Doutorado em Tratamento de Res\u00edduos S\u00f3lidos<\/em><\/strong> com Bolsa FAPESP. Prazo de inscri\u00e7\u00e3o at\u00e9 dia 4 de agosto.<\/p>\n<p>A bolsa est\u00e1 vinculada ao Projeto Tem\u00e1tico .<\/p>\n<p>O projeto tem\u00e1tico tem como objetivo geral caracterizar e estudar processos e alternativas tecnol\u00f3gicas para tratar e reciclar res\u00edduos s\u00f3lidos de acordo com o que foi estabelecido pela Pol\u00edtica Nacional de Res\u00edduos S\u00f3lidos, al\u00e9m de estudar as implica\u00e7\u00f5es e regulamenta\u00e7\u00f5es previstas na lei brasileira sobre o assunto. O projeto ser\u00e1 desenvolvido no Laborat\u00f3rio de Reciclagem, Tratamento de Res\u00edduos e Metalurgia Extrativa da Poli.<\/p>\n<p>O bolsista selecionado ir\u00e1 desenvolver o tema \u201cRecupera\u00e7\u00e3o de cobre a partir do liquor obtido na biolixivia\u00e7\u00e3o de placas de circuito impresso atrav\u00e9s de eletro-obten\u00e7\u00e3o\u201d. O candidato deve comprovar experi\u00eancia cient\u00edfica no tema proposto. \u00c9 desej\u00e1vel que tenha experi\u00eancia em res\u00edduos s\u00f3lidos, t\u00e9cnicas eletroqu\u00edmicas e anal\u00edticas (FAAS, ICP, EDX, CI).<\/p>\n<p>As inscri\u00e7\u00f5es ser\u00e3o recebidas exclusivamente por e-mail, com documenta\u00e7\u00e3o anexa em formato pdf, e enviadas ao professor respons\u00e1vel pelo Projeto Tem\u00e1tico  (usplarex@gmail.com), pesquisador principal do projeto.<\/p>\n<p>Os documentos necess\u00e1rios para a inscri\u00e7\u00e3o s\u00e3o: Curriculum Lattes atualizado, certificado de conclus\u00e3o do doutorado e carta de apresenta\u00e7\u00e3o indicando a raz\u00e3o de interesse na bolsa, com um breve relato da experi\u00eancia do candidato.<\/p>\n<p>A vaga est\u00e1 aberta a brasileiros e estrangeiros. O selecionado receber\u00e1 Bolsa de P\u00f3s-Doutorado da FAPESP no valor de R$ 6.819,30 mensais e Reserva T\u00e9cnica. A Reserva T\u00e9cnica de Bolsa de PD equivale a 15% do valor anual da bolsa e tem o objetivo de atender a despesas imprevistas e diretamente relacionadas \u00e0 atividade de pesquisa.<\/p>\n<p>Caso o bolsista de PD resida em domic\u00edlio diferente e precise se mudar para a cidade onde se localiza a institui\u00e7\u00e3o-sede da pesquisa, poder\u00e1 ter direito a um Aux\u00edlio-Instala\u00e7\u00e3o. Mais informa\u00e7\u00f5es sobre a Bolsa de P\u00f3s-Doutorado da FAPESP est\u00e3o dispon\u00edveis em .<\/p>\n<p>Outras vagas de bolsas, em diversas \u00e1reas do conhecimento, est\u00e3o no site FAPESP-Oportunidades, em .<\/p>\n","protected":false},"excerpt":{"rendered":"<p>Ag\u00eancia FAPESP \u2013 O Departamento de Engenharia Qu\u00edmica da Escola Polit\u00e9cnica (Poli) da Universidade de S\u00e3o Paulo (USP) oferece uma oportunidade de P\u00f3s-Doutorado em Tratamento de Res\u00edduos S\u00f3lidos com Bolsa FAPESP. Prazo de inscri\u00e7\u00e3o at\u00e9 dia 4 de agosto. A bolsa est\u00e1 vinculada ao Projeto Tem\u00e1tico . O projeto tem\u00e1tico tem como objetivo geral caracterizar [&hellip;]<\/p>\n","protected":false},"author":2,"featured_media":28951,"comment_status":"open","ping_status":"closed","sticky":false,"template":"","format":"standard","meta":{"tdm_status":"","tdm_grid_status":"","footnotes":""},"categories":[22,370,353],"tags":[],"class_list":{"0":"post-118061","1":"post","2":"type-post","3":"status-publish","4":"format-standard","5":"has-post-thumbnail","7":"category-brasil","8":"category-inscricao","9":"category-oportunidades"},"_links":{"self":[{"href":"https:\/\/migracao.redenoticia.com.br\/noticia\/wp-json\/wp\/v2\/posts\/118061","targetHints":{"allow":["GET"]}}],"collection":[{"href":"https:\/\/migracao.redenoticia.com.br\/noticia\/wp-json\/wp\/v2\/posts"}],"about":[{"href":"https:\/\/migracao.redenoticia.com.br\/noticia\/wp-json\/wp\/v2\/types\/post"}],"author":[{"embeddable":true,"href":"https:\/\/migracao.redenoticia.com.br\/noticia\/wp-json\/wp\/v2\/users\/2"}],"replies":[{"embeddable":true,"href":"https:\/\/migracao.redenoticia.com.br\/noticia\/wp-json\/wp\/v2\/comments?post=118061"}],"version-history":[{"count":0,"href":"https:\/\/migracao.redenoticia.com.br\/noticia\/wp-json\/wp\/v2\/posts\/118061\/revisions"}],"wp:featuredmedia":[{"embeddable":true,"href":"https:\/\/migracao.redenoticia.com.br\/noticia\/wp-json\/wp\/v2\/media\/28951"}],"wp:attachment":[{"href":"https:\/\/migracao.redenoticia.com.br\/noticia\/wp-json\/wp\/v2\/media?parent=118061"}],"wp:term":[{"taxonomy":"category","embeddable":true,"href":"https:\/\/migracao.redenoticia.com.br\/noticia\/wp-json\/wp\/v2\/categories?post=118061"},{"taxonomy":"post_tag","embeddable":true,"href":"https:\/\/migracao.redenoticia.com.br\/noticia\/wp-json\/wp\/v2\/tags?post=118061"}],"curies":[{"name":"wp","href":"https:\/\/api.w.org\/{rel}","templated":true}]}}