{"id":118074,"date":"2017-07-31T16:40:31","date_gmt":"2017-07-31T19:40:31","guid":{"rendered":"https:\/\/www.redenoticia.com.br\/noticia\/?p=118074"},"modified":"2017-07-30T19:19:09","modified_gmt":"2017-07-30T22:19:09","slug":"novela-ribeirao-do-tempo-resumo-0108-patricia-e-lincon-se-despedem-de-andre","status":"publish","type":"post","link":"https:\/\/migracao.redenoticia.com.br\/noticia\/2017\/novela-ribeirao-do-tempo-resumo-0108-patricia-e-lincon-se-despedem-de-andre\/118074","title":{"rendered":"Novela \u201cRibeir\u00e3o do Tempo\u201d resumo 01\/08: Patr\u00edcia e Lincon se despedem de Andr\u00e9"},"content":{"rendered":"<p> <img loading=\"lazy\" decoding=\"async\" src=\"https:\/\/migracao.redenoticia.com.br\/noticia\/imagens\/ribeirao_do_tempo_novela_record_resumo-150x112.jpg\" alt=\"\" width=\"150\" height=\"112\" class=\"alignleft size-thumbnail wp-image-108265\" srcset=\"https:\/\/migracao.redenoticia.com.br\/noticia\/imagens\/ribeirao_do_tempo_novela_record_resumo-150x112.jpg 150w, https:\/\/migracao.redenoticia.com.br\/noticia\/imagens\/ribeirao_do_tempo_novela_record_resumo-265x198.jpg 265w\" sizes=\"auto, (max-width: 150px) 100vw, 150px\" \/><strong><em>Novela \u201cRibeir\u00e3o do Tempo\u201d resumo 01\/08<\/em><\/strong>: no capitulo 106 (*) da novela \u201cRibeir\u00e3o do Tempo\u201d, ter\u00e7a-feira, 01 de agosto, Nicolau manda Lincon fazer uma mat\u00e9ria sobre o noivado dele com Arminda. Tito resolve seguir por outro caminho com Filomena, enquanto Newton e Iara continuam a trilha depois do rapel. Fil\u00f3 fica constrangida por n\u00e3o estar acompanhando o ritmo. Virg\u00edlio conta a Clor\u00eds que o movimento da pousada ainda n\u00e3o \u00e9 ideal, mas j\u00e1 \u00e9 alguma coisa e revela que j\u00e1 foi casado. L\u00edlian diz a Nicolau que n\u00e3o aguenta mais ser maltratada por ele. O senador a agarra na sala de Lincon. <\/p>\n<p>Larissa fala para Arminda que ela e Beatriz v\u00e3o dar uma festa na fazenda em sua homenagem. Filomena pisa em falso algumas vezes e Tito a ajuda. Filomena e Tito chegam s\u00f3 \u00e0 noite ao lugar onde v\u00e3o acampar. Quer\u00eancio confessa \u00e0 Marisa e a Escul\u00e1pio que est\u00e1 preocupado com Fil\u00f3, por ela ter ido fazer trilha. Patr\u00edcia e Lincon realizam os preparativos para a viagem. Indisposta, Arminda n\u00e3o consegue jantar. Diana liga para Joca e conta que Arminda n\u00e3o est\u00e1 legal. <\/p>\n<p>Filomena acorda e percebe que Tito j\u00e1 n\u00e3o est\u00e1 mais a seu lado. Ela grita pelo marido, que aparece e diz que acha melhor ela descansar mais um pouco para aguentar a volta. Arminda v\u00ea a mat\u00e9ria sobre o noivado na Folha da Corredeira e fica perplexa. Filomena sente dor no p\u00e9 e fica preocupada. Patr\u00edcia e Lincon se despedem de Andr\u00e9 e partem. Tito carrega a mochila de Filomena para ela acelerar o ritmo. Tito e Iara seguem caminhando. Exausta, Filomena senta e diz a Newton que n\u00e3o consegue mais continuar. Ele v\u00ea os ferimentos no p\u00e9 dela e fica preocupado.<\/p>\n<p>(*) edi\u00e7\u00e3o da Rede Record, Novela \u201cRibeir\u00e3o do Tempo\u201d, sujeito a altera\u00e7\u00e3o de data e conte\u00fado.<\/p>\n","protected":false},"excerpt":{"rendered":"<p>Novela \u201cRibeir\u00e3o do Tempo\u201d resumo 01\/08: no capitulo 106 (*) da novela \u201cRibeir\u00e3o do Tempo\u201d, ter\u00e7a-feira, 01 de agosto, Nicolau manda Lincon fazer uma mat\u00e9ria sobre o noivado dele com Arminda. Tito resolve seguir por outro caminho com Filomena, enquanto Newton e Iara continuam a trilha depois do rapel. Fil\u00f3 fica constrangida por n\u00e3o estar [&hellip;]<\/p>\n","protected":false},"author":2,"featured_media":108265,"comment_status":"open","ping_status":"closed","sticky":false,"template":"","format":"standard","meta":{"tdm_status":"","tdm_grid_status":"","footnotes":""},"categories":[379,371,343],"tags":[441],"class_list":{"0":"post-118074","1":"post","2":"type-post","3":"status-publish","4":"format-standard","5":"has-post-thumbnail","7":"category-novelas","8":"category-rede-record","9":"category-televisao","10":"tag-resumo-do-dia"},"_links":{"self":[{"href":"https:\/\/migracao.redenoticia.com.br\/noticia\/wp-json\/wp\/v2\/posts\/118074","targetHints":{"allow":["GET"]}}],"collection":[{"href":"https:\/\/migracao.redenoticia.com.br\/noticia\/wp-json\/wp\/v2\/posts"}],"about":[{"href":"https:\/\/migracao.redenoticia.com.br\/noticia\/wp-json\/wp\/v2\/types\/post"}],"author":[{"embeddable":true,"href":"https:\/\/migracao.redenoticia.com.br\/noticia\/wp-json\/wp\/v2\/users\/2"}],"replies":[{"embeddable":true,"href":"https:\/\/migracao.redenoticia.com.br\/noticia\/wp-json\/wp\/v2\/comments?post=118074"}],"version-history":[{"count":0,"href":"https:\/\/migracao.redenoticia.com.br\/noticia\/wp-json\/wp\/v2\/posts\/118074\/revisions"}],"wp:featuredmedia":[{"embeddable":true,"href":"https:\/\/migracao.redenoticia.com.br\/noticia\/wp-json\/wp\/v2\/media\/108265"}],"wp:attachment":[{"href":"https:\/\/migracao.redenoticia.com.br\/noticia\/wp-json\/wp\/v2\/media?parent=118074"}],"wp:term":[{"taxonomy":"category","embeddable":true,"href":"https:\/\/migracao.redenoticia.com.br\/noticia\/wp-json\/wp\/v2\/categories?post=118074"},{"taxonomy":"post_tag","embeddable":true,"href":"https:\/\/migracao.redenoticia.com.br\/noticia\/wp-json\/wp\/v2\/tags?post=118074"}],"curies":[{"name":"wp","href":"https:\/\/api.w.org\/{rel}","templated":true}]}}