{"id":118091,"date":"2017-08-01T00:05:24","date_gmt":"2017-08-01T03:05:24","guid":{"rendered":"https:\/\/www.redenoticia.com.br\/noticia\/?p=118091"},"modified":"2017-07-31T16:02:01","modified_gmt":"2017-07-31T19:02:01","slug":"pos-doutorado-em-genetica-molecular-de-plantas-com-bolsa-da-fapesp-2","status":"publish","type":"post","link":"https:\/\/migracao.redenoticia.com.br\/noticia\/2017\/pos-doutorado-em-genetica-molecular-de-plantas-com-bolsa-da-fapesp-2\/118091","title":{"rendered":"P\u00f3s-doutorado em Gen\u00e9tica Molecular de Plantas com Bolsa da FAPESP"},"content":{"rendered":"<p> Ag\u00eancia FAPESP \u2013 O Instituto de Bioci\u00eancias da Universidade de S\u00e3o Paulo (USP) disp\u00f5e de uma vaga de <strong><em>p\u00f3s-doutorado em Gen\u00e9tica Molecular de Plantas<\/em><\/strong> com Bolsa da FAPESP. Prazo das inscri\u00e7\u00f5es termina em 5 de agosto de 2017. A bolsa est\u00e1 vinculada ao Projeto Tem\u00e1tico \u201c\u201d, supervisionado pelo professora .<\/p>\n<p>O projeto prop\u00f5e, por meio da aplica\u00e7\u00e3o de estrat\u00e9gias de gen\u00f4mica funcional e bioqu\u00edmica, aprofundar o entendimento acerca do papel da luz, dos fito-horm\u00f4nios e do \u00f3xido n\u00edtrico (NO) na regula\u00e7\u00e3o da diferencia\u00e7\u00e3o e atividade plastidial com o intuito de identificar genes e mecanismos que controlem o metabolismo de compostos nutrac\u00eauticos em tomateiro.<\/p>\n<p>Os candidatos devem ter experi\u00eancia em t\u00e9cnicas de biologia molecular e bioqu\u00edmica, programas estat\u00edsticos e reda\u00e7\u00e3o cient\u00edfica. \u00c9 desej\u00e1vel experi\u00eancia pr\u00e9via em an\u00e1lises bioqu\u00edmicas e moleculares relacionadas aos metabolismos oxidativo e\/ou nitro-oxidativo, bem como em fisiologia de frutos. Os interessados devem ter conclu\u00eddo o doutorado em Ci\u00eancias Biol\u00f3gicas, ou afins, h\u00e1 menos de tr\u00eas anos.<\/p>\n<p>As inscri\u00e7\u00f5es ser\u00e3o recebidas exclusivamente por e-mail para Magdalena Rossi (mmrossi@usp.br). Anexar no e-mail: Curr\u00edculo Lattes atualizado, carta de apresenta\u00e7\u00e3o indicando a raz\u00e3o de interesse na tem\u00e1tica de pesquisa, com um breve relato de sua experi\u00eancia, e uma carta de recomenda\u00e7\u00e3o.<\/p>\n<p>A vaga est\u00e1 aberta a brasileiros e estrangeiros. O selecionado receber\u00e1 Bolsa de P\u00f3s-Doutorado da FAPESP no valor de R$ 6.819,30 mensais e Reserva T\u00e9cnica. A Reserva T\u00e9cnica de Bolsa de PD equivale a 15% do valor anual da bolsa e tem o objetivo de atender a despesas imprevistas e diretamente relacionadas \u00e0 atividade de pesquisa.<\/p>\n<p>Caso o bolsista de PD resida em domic\u00edlio diferente e precise se mudar para a cidade onde se localiza a institui\u00e7\u00e3o-sede da pesquisa, poder\u00e1 ter direito a um Aux\u00edlio-Instala\u00e7\u00e3o. Mais informa\u00e7\u00f5es sobre a Bolsa de P\u00f3s-Doutorado da FAPESP est\u00e3o dispon\u00edveis em .<\/p>\n<p>Outras vagas de bolsas, em diversas \u00e1reas do conhecimento, est\u00e3o no site FAPESP-Oportunidades, em .<\/p>\n","protected":false},"excerpt":{"rendered":"<p>Ag\u00eancia FAPESP \u2013 O Instituto de Bioci\u00eancias da Universidade de S\u00e3o Paulo (USP) disp\u00f5e de uma vaga de p\u00f3s-doutorado em Gen\u00e9tica Molecular de Plantas com Bolsa da FAPESP. Prazo das inscri\u00e7\u00f5es termina em 5 de agosto de 2017. A bolsa est\u00e1 vinculada ao Projeto Tem\u00e1tico \u201c\u201d, supervisionado pelo professora . O projeto prop\u00f5e, por meio [&hellip;]<\/p>\n","protected":false},"author":2,"featured_media":34767,"comment_status":"open","ping_status":"closed","sticky":false,"template":"","format":"standard","meta":{"tdm_status":"","tdm_grid_status":"","footnotes":""},"categories":[22,370,353],"tags":[],"class_list":{"0":"post-118091","1":"post","2":"type-post","3":"status-publish","4":"format-standard","5":"has-post-thumbnail","7":"category-brasil","8":"category-inscricao","9":"category-oportunidades"},"_links":{"self":[{"href":"https:\/\/migracao.redenoticia.com.br\/noticia\/wp-json\/wp\/v2\/posts\/118091","targetHints":{"allow":["GET"]}}],"collection":[{"href":"https:\/\/migracao.redenoticia.com.br\/noticia\/wp-json\/wp\/v2\/posts"}],"about":[{"href":"https:\/\/migracao.redenoticia.com.br\/noticia\/wp-json\/wp\/v2\/types\/post"}],"author":[{"embeddable":true,"href":"https:\/\/migracao.redenoticia.com.br\/noticia\/wp-json\/wp\/v2\/users\/2"}],"replies":[{"embeddable":true,"href":"https:\/\/migracao.redenoticia.com.br\/noticia\/wp-json\/wp\/v2\/comments?post=118091"}],"version-history":[{"count":0,"href":"https:\/\/migracao.redenoticia.com.br\/noticia\/wp-json\/wp\/v2\/posts\/118091\/revisions"}],"wp:featuredmedia":[{"embeddable":true,"href":"https:\/\/migracao.redenoticia.com.br\/noticia\/wp-json\/wp\/v2\/media\/34767"}],"wp:attachment":[{"href":"https:\/\/migracao.redenoticia.com.br\/noticia\/wp-json\/wp\/v2\/media?parent=118091"}],"wp:term":[{"taxonomy":"category","embeddable":true,"href":"https:\/\/migracao.redenoticia.com.br\/noticia\/wp-json\/wp\/v2\/categories?post=118091"},{"taxonomy":"post_tag","embeddable":true,"href":"https:\/\/migracao.redenoticia.com.br\/noticia\/wp-json\/wp\/v2\/tags?post=118091"}],"curies":[{"name":"wp","href":"https:\/\/api.w.org\/{rel}","templated":true}]}}