{"id":118096,"date":"2017-08-01T00:07:17","date_gmt":"2017-08-01T03:07:17","guid":{"rendered":"https:\/\/www.redenoticia.com.br\/noticia\/?p=118096"},"modified":"2017-07-31T16:04:25","modified_gmt":"2017-07-31T19:04:25","slug":"unb-lanca-edital-para-licenciatura-a-distancia-em-fisica-e-geografia","status":"publish","type":"post","link":"https:\/\/migracao.redenoticia.com.br\/noticia\/2017\/unb-lanca-edital-para-licenciatura-a-distancia-em-fisica-e-geografia\/118096","title":{"rendered":"UnB lan\u00e7a edital para licenciatura \u00e0 dist\u00e2ncia em F\u00edsica e Geografia"},"content":{"rendered":"<p> A Universidade de Bras\u00edlia (UnB) oferece 402 oportunidades em nova sele\u00e7\u00e3o para <strong><em>cursos de licenciatura \u00e0 dist\u00e2ncia<\/em><\/strong> por meio do Sistema Universidade Aberta do Brasil (UAB). As vagas est\u00e3o distribu\u00eddas entre 219 chances para licenciatura em F\u00edsica e 183, para licenciatura em Geografia.<\/p>\n<p>A oferta de cursos nesta modalidade pretende ampliar e interiorizar o acesso ao ensino superior p\u00fablico, gratuito e de qualidade no Brasil, por meio do incentivo \u00e0 forma\u00e7\u00e3o em licenciatura de professores do ensino p\u00fablico que n\u00e3o tenham a habilita\u00e7\u00e3o legal exigida para o exerc\u00edcio da fun\u00e7\u00e3o. Mesmo \u00e0 dist\u00e2ncia, s\u00e3o realizados encontros presenciais quinzenais ou semanais, que incluem atividades de laborat\u00f3rio, tutoria e avalia\u00e7\u00f5es. A participa\u00e7\u00e3o do aluno nessas din\u00e2micas \u00e9 obrigat\u00f3ria.<\/p>\n<p>O per\u00edodo de inscri\u00e7\u00f5es ser\u00e1 entre 31 de julho e 4 de agosto, pelo site.\u00a0 A taxa \u00e9 R$ 60,00. No ato da inscri\u00e7\u00e3o, o candidato dever\u00e1 optar pelo sistema\/curso\/polo de sua prefer\u00eancia. A sele\u00e7\u00e3o oferece vagas por meio dos sistemas de acesso Universal ou de Cotas para Escolas P\u00fablicas. Os polos para escolha s\u00e3o Buritis (MG), Itapetininga (SP), Santos (SP), Diamantino (MT) e Posse (GO), a depender do curso.<\/p>\n<p>SELE\u00c7\u00c3O \u2013 O processo seletivo ocorre por meio do desempenho do candidato no Exame Nacional do Ensino M\u00e9dio (Enem). Podem ser utilizados os resultados dos Exames de 2012, 2013, 2014, 2015 ou 2016, devendo o participante informar durante a inscri\u00e7\u00e3o o ano no qual realizou o Enem.<\/p>\n<p>SERVI\u00c7O<br \/>\nLicenciatura \u00e0 Dist\u00e2ncia pelo Sistema Universidade Aberta Do Brasil (UAB)<br \/>\nVagas: 219 para licenciatura em F\u00edsica e 183 para licenciatura em Geografia<br \/>\nInscri\u00e7\u00f5es: entre 31 de julho e 4 de agosto<br \/>\nTaxa: R$ 60,00<\/p>\n<p>CONTATO<br \/>\nOutras informa\u00e7\u00f5es no endere\u00e7o eletr\u00f4nico  ou na Central de Atendimento ao Candidato do Cebraspe, de segunda a sexta, das 8h \u00e0s 19h \u2013 Campus Darcy Ribeiro, Sede do Cebraspe \u2013 pelo telefone (61) 3448 0100.<\/p>\n","protected":false},"excerpt":{"rendered":"<p>A Universidade de Bras\u00edlia (UnB) oferece 402 oportunidades em nova sele\u00e7\u00e3o para cursos de licenciatura \u00e0 dist\u00e2ncia por meio do Sistema Universidade Aberta do Brasil (UAB). As vagas est\u00e3o distribu\u00eddas entre 219 chances para licenciatura em F\u00edsica e 183, para licenciatura em Geografia. A oferta de cursos nesta modalidade pretende ampliar e interiorizar o acesso [&hellip;]<\/p>\n","protected":false},"author":2,"featured_media":37419,"comment_status":"open","ping_status":"closed","sticky":false,"template":"","format":"standard","meta":{"tdm_status":"","tdm_grid_status":"","footnotes":""},"categories":[22,370,295],"tags":[],"class_list":{"0":"post-118096","1":"post","2":"type-post","3":"status-publish","4":"format-standard","5":"has-post-thumbnail","7":"category-brasil","8":"category-inscricao","9":"category-vestibular"},"_links":{"self":[{"href":"https:\/\/migracao.redenoticia.com.br\/noticia\/wp-json\/wp\/v2\/posts\/118096","targetHints":{"allow":["GET"]}}],"collection":[{"href":"https:\/\/migracao.redenoticia.com.br\/noticia\/wp-json\/wp\/v2\/posts"}],"about":[{"href":"https:\/\/migracao.redenoticia.com.br\/noticia\/wp-json\/wp\/v2\/types\/post"}],"author":[{"embeddable":true,"href":"https:\/\/migracao.redenoticia.com.br\/noticia\/wp-json\/wp\/v2\/users\/2"}],"replies":[{"embeddable":true,"href":"https:\/\/migracao.redenoticia.com.br\/noticia\/wp-json\/wp\/v2\/comments?post=118096"}],"version-history":[{"count":0,"href":"https:\/\/migracao.redenoticia.com.br\/noticia\/wp-json\/wp\/v2\/posts\/118096\/revisions"}],"wp:featuredmedia":[{"embeddable":true,"href":"https:\/\/migracao.redenoticia.com.br\/noticia\/wp-json\/wp\/v2\/media\/37419"}],"wp:attachment":[{"href":"https:\/\/migracao.redenoticia.com.br\/noticia\/wp-json\/wp\/v2\/media?parent=118096"}],"wp:term":[{"taxonomy":"category","embeddable":true,"href":"https:\/\/migracao.redenoticia.com.br\/noticia\/wp-json\/wp\/v2\/categories?post=118096"},{"taxonomy":"post_tag","embeddable":true,"href":"https:\/\/migracao.redenoticia.com.br\/noticia\/wp-json\/wp\/v2\/tags?post=118096"}],"curies":[{"name":"wp","href":"https:\/\/api.w.org\/{rel}","templated":true}]}}