{"id":118121,"date":"2017-08-01T16:41:47","date_gmt":"2017-08-01T19:41:47","guid":{"rendered":"https:\/\/www.redenoticia.com.br\/noticia\/?p=118121"},"modified":"2017-07-31T16:25:10","modified_gmt":"2017-07-31T19:25:10","slug":"novela-vidas-em-jogo-resumo-0208-lucas-e-cleber-iniciam-uma-luta","status":"publish","type":"post","link":"https:\/\/migracao.redenoticia.com.br\/noticia\/2017\/novela-vidas-em-jogo-resumo-0208-lucas-e-cleber-iniciam-uma-luta\/118121","title":{"rendered":"Novela \u201cVidas em Jogo\u201d resumo 02\/08: Lucas e Cleber iniciam uma luta"},"content":{"rendered":"<p> <img loading=\"lazy\" decoding=\"async\" class=\"alignleft size-thumbnail wp-image-34838\" src=\"https:\/\/migracao.redenoticia.com.br\/noticia\/imagens\/vidas-em-jogo-resumo-novela-rede-record-capitulos-150x96.jpg\" alt=\"vidas em jogo resumo novela rede record capitulos\" width=\"150\" height=\"96\" srcset=\"https:\/\/migracao.redenoticia.com.br\/noticia\/imagens\/vidas-em-jogo-resumo-novela-rede-record-capitulos-150x96.jpg 150w, https:\/\/migracao.redenoticia.com.br\/noticia\/imagens\/vidas-em-jogo-resumo-novela-rede-record-capitulos-250x161.jpg 250w, https:\/\/migracao.redenoticia.com.br\/noticia\/imagens\/vidas-em-jogo-resumo-novela-rede-record-capitulos.jpg 301w\" sizes=\"auto, (max-width: 150px) 100vw, 150px\" \/><strong><em>Novela \u201cVidas em Jogo\u201d resumo 02\/08<\/em><\/strong>: no capitulo 227 (*) da novela \u201cVidas em Jogo\u201d, quarta-feira, 02 de agosto, Rita tenta justificar suas atitudes, mas Patr\u00edcia se irrita. A dan\u00e7arina afirma que estimulou Ivan a sequestr\u00e1-la, mas explica que fez tudo isso para se defender de Regina. Rita diz que pode tirar Miguel de Patr\u00edcia e ainda faz amea\u00e7as. A filha de Regina se revolta, exigindo que a dan\u00e7arina fique longe de seu filho. Depois que Rita vai embora, cheia de si, Patr\u00edcia come\u00e7a a chorar. Lucas escolta Regina, que sai do banho. Ele liberta Cleber, quando Andrea surge como uma alucina\u00e7\u00e3o e deixa o molho de chaves perto dos ref\u00e9ns. Atordoado, Lucas come\u00e7a a conversar com sua amada. O miliciano se aproveita para levantar. Lucas e Cleber iniciam uma luta, mas o ex-motorista de van se atrapalha porque a vis\u00e3o de Andrea o perturba. Cleber acerta Lucas em cheio com uma cadeira. O ex-motorista de van desmaia, enquanto Cleber foge do cativeiro, debilitado por conta do ferimento no joelho e de todo o tempo que ficou sentado. Regina se desespera enquanto Cleber se vai. Lucas se recupera, pega sua arma e sai em disparada. Quando fica sozinha, Regina olha para o molho de chaves e se ilumina de esperan\u00e7a. <\/p>\n<p>Cleber corre com muita dificuldade, enquanto a alucina\u00e7\u00e3o de Andrea tenta impedir Lucas. Regina pega as chaves e consegue se libertar. Ela sai cautelosa para ter certeza de que o ex-motorista de van n\u00e3o est\u00e1 por ali. Lucas vai se aproximando de Cleber. Regina checa a van de Lucas, mas n\u00e3o encontra as chaves. Ao ouvir tiros ela sai do carro, desesperada. Cleber corre, quando cai de um precip\u00edcio muito alto. Lucas se aproxima e percebe que Cleber est\u00e1 pendurado, muito aflito. Ele pede a ajuda de Lucas, que lhe d\u00e1 duas op\u00e7\u00f5es: morre com a queda ou volta para o cativeiro. Cleber n\u00e3o hesita e pede para retornar ao cativeiro, enquanto o ex-motorista de van o observa. Enquanto isso Regina foge pela mata, aflita. Lucas puxa Cleber de volta. O bandido tenta desarmar o ex-companheiro de Andrea que \u00e9 mais r\u00e1pido e lhe acerta um tiro na m\u00e3o. <\/p>\n<p>Chorando de dor, Cleber \u00e9 obrigado a retornar ao cativeiro. Fingida, Rita chora ao contar para Francisco como foi o encontro com Patr\u00edcia. Ela se faz de v\u00edtima e mente que a filha de Regina comprou a testemunha. Patr\u00edcia conta para Juliana tudo que aconteceu no encontro. Ela chora ao saber que n\u00e3o est\u00e1 produzindo mais leite materno. Lucas chega ao cativeiro e percebe que Regina sumiu. Ele imobiliza o bandido e corre para a mata. Lucas pega sua van e sai apressado. Regina v\u00ea o carro, mas consegue se esconder. Juliana encontra Francisco e conta a verdade sobre o encontro de Rita e Juliana. Francisco n\u00e3o acredita e ainda fica revoltado ao achar que Patr\u00edcia est\u00e1 usando Miguel. Ele afirma que se continuar dessa forma, vai pedir a guarda do filho. A turma do bol\u00e3o se re\u00fane para decidir se Margarida ter\u00e1 uma nova chance de cumprir sua miss\u00e3o.<\/p>\n<p>(*) edi\u00e7\u00e3o da Rede Record, Novela \u201cVidas em Jogo\u201d, sujeito a altera\u00e7\u00e3o de data e conte\u00fado.<\/p>\n","protected":false},"excerpt":{"rendered":"<p>Novela \u201cVidas em Jogo\u201d resumo 02\/08: no capitulo 227 (*) da novela \u201cVidas em Jogo\u201d, quarta-feira, 02 de agosto, Rita tenta justificar suas atitudes, mas Patr\u00edcia se irrita. A dan\u00e7arina afirma que estimulou Ivan a sequestr\u00e1-la, mas explica que fez tudo isso para se defender de Regina. Rita diz que pode tirar Miguel de Patr\u00edcia [&hellip;]<\/p>\n","protected":false},"author":2,"featured_media":34838,"comment_status":"open","ping_status":"closed","sticky":false,"template":"","format":"standard","meta":{"tdm_status":"","tdm_grid_status":"","footnotes":""},"categories":[379,371,343],"tags":[441],"class_list":{"0":"post-118121","1":"post","2":"type-post","3":"status-publish","4":"format-standard","5":"has-post-thumbnail","7":"category-novelas","8":"category-rede-record","9":"category-televisao","10":"tag-resumo-do-dia"},"_links":{"self":[{"href":"https:\/\/migracao.redenoticia.com.br\/noticia\/wp-json\/wp\/v2\/posts\/118121","targetHints":{"allow":["GET"]}}],"collection":[{"href":"https:\/\/migracao.redenoticia.com.br\/noticia\/wp-json\/wp\/v2\/posts"}],"about":[{"href":"https:\/\/migracao.redenoticia.com.br\/noticia\/wp-json\/wp\/v2\/types\/post"}],"author":[{"embeddable":true,"href":"https:\/\/migracao.redenoticia.com.br\/noticia\/wp-json\/wp\/v2\/users\/2"}],"replies":[{"embeddable":true,"href":"https:\/\/migracao.redenoticia.com.br\/noticia\/wp-json\/wp\/v2\/comments?post=118121"}],"version-history":[{"count":0,"href":"https:\/\/migracao.redenoticia.com.br\/noticia\/wp-json\/wp\/v2\/posts\/118121\/revisions"}],"wp:featuredmedia":[{"embeddable":true,"href":"https:\/\/migracao.redenoticia.com.br\/noticia\/wp-json\/wp\/v2\/media\/34838"}],"wp:attachment":[{"href":"https:\/\/migracao.redenoticia.com.br\/noticia\/wp-json\/wp\/v2\/media?parent=118121"}],"wp:term":[{"taxonomy":"category","embeddable":true,"href":"https:\/\/migracao.redenoticia.com.br\/noticia\/wp-json\/wp\/v2\/categories?post=118121"},{"taxonomy":"post_tag","embeddable":true,"href":"https:\/\/migracao.redenoticia.com.br\/noticia\/wp-json\/wp\/v2\/tags?post=118121"}],"curies":[{"name":"wp","href":"https:\/\/api.w.org\/{rel}","templated":true}]}}