{"id":118132,"date":"2017-08-01T16:44:25","date_gmt":"2017-08-01T19:44:25","guid":{"rendered":"https:\/\/www.redenoticia.com.br\/noticia\/?p=118132"},"modified":"2017-07-31T16:30:25","modified_gmt":"2017-07-31T19:30:25","slug":"novela-o-rico-e-lazaro-resumo-0208-asher-conta-a-aksumai-que-foi-envenenado","status":"publish","type":"post","link":"https:\/\/migracao.redenoticia.com.br\/noticia\/2017\/novela-o-rico-e-lazaro-resumo-0208-asher-conta-a-aksumai-que-foi-envenenado\/118132","title":{"rendered":"Novela \u201cO Rico e L\u00e1zaro\u201d resumo 02\/08: Asher conta a Aksumai que foi envenenado"},"content":{"rendered":"<p> <img loading=\"lazy\" decoding=\"async\" src=\"https:\/\/migracao.redenoticia.com.br\/noticia\/imagens\/o_rico_e_o_lazaro_resumo_novela_record-150x112.jpg\" alt=\"\" width=\"150\" height=\"112\" class=\"alignleft size-thumbnail wp-image-107948\" srcset=\"https:\/\/migracao.redenoticia.com.br\/noticia\/imagens\/o_rico_e_o_lazaro_resumo_novela_record-150x112.jpg 150w, https:\/\/migracao.redenoticia.com.br\/noticia\/imagens\/o_rico_e_o_lazaro_resumo_novela_record-265x198.jpg 265w\" sizes=\"auto, (max-width: 150px) 100vw, 150px\" \/><strong><em>Novela \u201cO Rico e L\u00e1zaro\u201d resumo 02\/08<\/em><\/strong>: no capitulo 103(*) da novela \u201cO Rico e L\u00e1zaro\u201d, quarta-feira, 02 de agosto, Asher sente tontura antes de lutar. Zac diz que vai a um evento na sala do trono. Nit\u00f3cris descobre que Shamiran est\u00e1 gr\u00e1vida. Ilana pergunta o que Rafael tinha de importante para falar com a fam\u00edlia. Nit\u00f3cris disfar\u00e7a e diz que est\u00e1 muito feliz com a not\u00edcia da gravidez da cunhada. Rafael pede desculpas e diz que precisa partir. Ele sai como se estivesse fugindo e todos se olham, estranhando. Lia serve um cliente, que fala gracinhas para ela e a segura pelo bra\u00e7o. Nesse momento, Daniel chega e manda ele largar ela. Lia fica surpresa e Daniel a chama para um passeio. Zac est\u00e1 com Rabe-S\u00e1ris na sala do trono, ansioso pelo in\u00edcio da luta. <\/p>\n<p>Beroso diz a Sammu que ainda acha que o Lobo de Jud\u00e1 vai ganhar. Aksumai chega e se apresenta ao rei. Nabuco pede que os lutadores se aproximem e Asher e Nebuzarad\u00e3 se olham com \u00f3dio. Asher sente uma leve tontura, mas se recomp\u00f5e. Asher e Nebuzarad\u00e3 come\u00e7am a se encarar, furiosos. Samira e Talita fazem cara de nojo ao cheirarem a comida de Zelfa. Nabuco ordena que a luta comece. Asher se sente mal, mas resolve atacar de primeira. Nebuzarad\u00e3 se esquiva, facilmente, e zomba do escravo. Zac estranha, percebe que Asher n\u00e3o est\u00e1 bem e comenta com Rabe-S\u00e1ris. Os olhares de Asher e Zac se cruzam. Daniel leva Lia para um passeio de barco. Asher desvia de todas as investidas de Nebuzarad\u00e3 e o chefe da guarda se irrita. A luta continua. Todos percebendo que Asher n\u00e3o est\u00e1 bem, comentam entre si. <\/p>\n<p>Nebuzarad\u00e3 desarma Asher e quando est\u00e1 para atacar, Evil para a luta. Nabuco pergunta o que houve e o pr\u00edncipe diz que o escravo est\u00e1 desarmado. O rei manda que tragam outras armas e um soldado se aproxima com clavas. Asher se levanta e continua a lutar, tonto. Os dois trocam alguns golpes, at\u00e9 que Asher consegue acertar o bra\u00e7o do chefe da guarda, fazendo-o sangrar. Lia pergunta se Daniel quer ter filhos. Asher e Nebuzarad\u00e3 lutam, exaustos. Evil pede para o pai que a luta seja interrompida para eles descansarem. Asher conta a Aksumai que foi envenenado, mas diz que precisa se vingar antes de morrer.<\/p>\n<p>(*) edi\u00e7\u00e3o da Rede Record, Novela \u201cO Rico e L\u00e1zaro\u201d, sujeito a altera\u00e7\u00e3o de data e conte\u00fado.<\/p>\n","protected":false},"excerpt":{"rendered":"<p>Novela \u201cO Rico e L\u00e1zaro\u201d resumo 02\/08: no capitulo 103(*) da novela \u201cO Rico e L\u00e1zaro\u201d, quarta-feira, 02 de agosto, Asher sente tontura antes de lutar. Zac diz que vai a um evento na sala do trono. Nit\u00f3cris descobre que Shamiran est\u00e1 gr\u00e1vida. Ilana pergunta o que Rafael tinha de importante para falar com a [&hellip;]<\/p>\n","protected":false},"author":2,"featured_media":107948,"comment_status":"open","ping_status":"closed","sticky":false,"template":"","format":"standard","meta":{"tdm_status":"","tdm_grid_status":"","footnotes":""},"categories":[379,371,343],"tags":[441],"class_list":{"0":"post-118132","1":"post","2":"type-post","3":"status-publish","4":"format-standard","5":"has-post-thumbnail","7":"category-novelas","8":"category-rede-record","9":"category-televisao","10":"tag-resumo-do-dia"},"_links":{"self":[{"href":"https:\/\/migracao.redenoticia.com.br\/noticia\/wp-json\/wp\/v2\/posts\/118132","targetHints":{"allow":["GET"]}}],"collection":[{"href":"https:\/\/migracao.redenoticia.com.br\/noticia\/wp-json\/wp\/v2\/posts"}],"about":[{"href":"https:\/\/migracao.redenoticia.com.br\/noticia\/wp-json\/wp\/v2\/types\/post"}],"author":[{"embeddable":true,"href":"https:\/\/migracao.redenoticia.com.br\/noticia\/wp-json\/wp\/v2\/users\/2"}],"replies":[{"embeddable":true,"href":"https:\/\/migracao.redenoticia.com.br\/noticia\/wp-json\/wp\/v2\/comments?post=118132"}],"version-history":[{"count":0,"href":"https:\/\/migracao.redenoticia.com.br\/noticia\/wp-json\/wp\/v2\/posts\/118132\/revisions"}],"wp:featuredmedia":[{"embeddable":true,"href":"https:\/\/migracao.redenoticia.com.br\/noticia\/wp-json\/wp\/v2\/media\/107948"}],"wp:attachment":[{"href":"https:\/\/migracao.redenoticia.com.br\/noticia\/wp-json\/wp\/v2\/media?parent=118132"}],"wp:term":[{"taxonomy":"category","embeddable":true,"href":"https:\/\/migracao.redenoticia.com.br\/noticia\/wp-json\/wp\/v2\/categories?post=118132"},{"taxonomy":"post_tag","embeddable":true,"href":"https:\/\/migracao.redenoticia.com.br\/noticia\/wp-json\/wp\/v2\/tags?post=118132"}],"curies":[{"name":"wp","href":"https:\/\/api.w.org\/{rel}","templated":true}]}}