{"id":118175,"date":"2017-08-02T00:06:02","date_gmt":"2017-08-02T03:06:02","guid":{"rendered":"https:\/\/www.redenoticia.com.br\/noticia\/?p=118175"},"modified":"2017-08-01T16:21:22","modified_gmt":"2017-08-01T19:21:22","slug":"universidades-paulistas-discutem-como-melhorar-a-gestao-da-pesquisa","status":"publish","type":"post","link":"https:\/\/migracao.redenoticia.com.br\/noticia\/2017\/universidades-paulistas-discutem-como-melhorar-a-gestao-da-pesquisa\/118175","title":{"rendered":"Universidades paulistas discutem como melhorar a gest\u00e3o da pesquisa"},"content":{"rendered":"<p> Elton Alisson | Ag\u00eancia FAPESP \u2013 A Universidade de S\u00e3o Paulo (USP) pretende aprimorar sua <strong><em>gest\u00e3o de projetos de pesquisa<\/em><\/strong> para que seus pesquisadores possam se dedicar mais a sua atividade-fim e menos a tarefas burocr\u00e1ticas, como a de presta\u00e7\u00e3o de contas. Com um or\u00e7amento de R$ 1 bilh\u00e3o por ano para a pesquisa \u2013 do qual cerca de 50% \u00e9 aportado pela FAPESP \u2013, a institui\u00e7\u00e3o tem estudado um modelo para melhor auxiliar seus pesquisadores na administra\u00e7\u00e3o de seus projetos de pesquisa.<\/p>\n<p>\u201cPara ajudar nossos 6 mil pesquisadores na gest\u00e3o de seus projetos de pesquisa n\u00e3o pode ser com uma estrutura que \u00e9 criada em um departamento ou em uma unidade da universidade, por exemplo\u201d, disse Jos\u00e9 Eduardo Krieger, pr\u00f3-reitor de pesquisa em um evento sobre gest\u00e3o de projetos de pesquisa realizado na \u00faltima quarta-feira (26\/07) pelo Instituto de Estudos Avan\u00e7ados (IEA) da USP.<\/p>\n<p>\u201c\u00c9 preciso nos aproximar cada vez mais do que vemos l\u00e1 fora, como nas universidades dos Estados Unidos: em vez de v\u00e1rios escrit\u00f3rios de apoio \u00e0 pesquisa h\u00e1 apenas um, onde s\u00e3o tratadas quest\u00f5es como prospec\u00e7\u00e3o de oportunidades de financiamento de projetos\u201d, avaliou.<\/p>\n<p>De acordo com Krieger, ainda n\u00e3o h\u00e1 uma receita de como ser\u00e1 o modelo de gest\u00e3o de projetos a ser adotado e se a universidade ter\u00e1 um escrit\u00f3rio de apoio ao pesquisador, por exemplo. \u201cIsso ainda est\u00e1 aberto \u00e0 discuss\u00e3o\u201d, afirmou.<\/p>\n<p>A \u00fanica certeza, contudo, \u00e9 que n\u00e3o faltam pessoas hoje na universidade com conhecimento e experi\u00eancia para auxiliar os pesquisadores na administra\u00e7\u00e3o de seus projetos de pesquisa.<\/p>\n<p>\u201cEssas pessoas est\u00e3o pulverizadas em diferentes locais da universidade e com n\u00edveis variados de demanda de trabalho. Talvez elas pudessem ser remanejadas\u201d, indicou.<\/p>\n<p>J\u00e1 a Universidade Estadual Paulista (Unesp) pretende criar tr\u00eas centros \u2013 sendo um nas \u00e1reas de Engenharias, Ci\u00eancias Exatas e Tecnologias, outro em Ci\u00eancias da Vida e um terceiro em Ci\u00eancias Humanas \u2013 para auxiliar seus 33 escrit\u00f3rios de apoio, espalhados pelos 24 munic\u00edpios onde a universidade est\u00e1 presente, a prospectar fontes de financiamento \u00e0 pesquisa.<\/p>\n<p>\u201cA ideia de criar esses tr\u00eas centros de apoio \u00e9 auxiliar nossos pesquisadores a buscar fontes alternativas de financiamento. \u00c9 preciso que eles abram os olhos para a oportunidade de obter financiamento para seus projetos de pesquisa tanto de ag\u00eancias nacionais e internacionais de fomento \u00e0 pesquisa como de empresas\u201d, disse Carlos Graeff, pr\u00f3-reitor de pesquisa da universidade paulista.<\/p>\n<p>Programa de treinamento<\/p>\n<p>As iniciativas das duas universidades para melhorar seus sistemas de gest\u00e3o da pesquisa se alinham \u00e0 dire\u00e7\u00e3o que a FAPESP ambicionava quando implantou h\u00e1 sete anos um programa de treinamento para estimular a cria\u00e7\u00e3o de (EAIP), avaliou Carlos Henrique de Brito Cruz, diretor cient\u00edfico da Funda\u00e7\u00e3o.<\/p>\n<p>\u201cA gente v\u00ea que n\u00e3o s\u00f3 na USP, mas em todo o Estado, h\u00e1 uma boa resposta para essa iniciativa que nos parece essencial para o melhoramento da qualidade da pesquisa no Estado de S\u00e3o Paulo\u201d, afirmou.<\/p>\n<p>Uma das motiva\u00e7\u00f5es da cria\u00e7\u00e3o do programa de treinamento foi a mudan\u00e7a no tamanho e nos or\u00e7amentos dos projetos realizados nas universidades e institui\u00e7\u00f5es de pesquisa com apoio da FAPESP que cresceram e passaram a exigir melhor gest\u00e3o.<\/p>\n<p>Al\u00e9m disso, as institui\u00e7\u00f5es respons\u00e1veis por fiscalizar o cumprimento da legisla\u00e7\u00e3o nos gastos p\u00fablicos avan\u00e7aram no cumprimento desse papel, e as consequ\u00eancias da m\u00e1 presta\u00e7\u00e3o de contas tornaram-se mais rigorosas.<\/p>\n<p>\u201cEm raz\u00e3o desses fatos, n\u00f3s percebemos h\u00e1 alguns anos na FAPESP que era preciso incentivar as organiza\u00e7\u00f5es de pesquisa no Estado de S\u00e3o Paulo a apoiarem seus pesquisadores na gest\u00e3o de seus projetos\u201d, disse Brito Cruz.<\/p>\n<p>\u201cSe quisermos que a ci\u00eancia feita no Estado de S\u00e3o Paulo seja competitiva no mundo \u00e9 absolutamente essencial proteger o tempo do pesquisador contra tarefas que n\u00e3o s\u00e3o relacionadas \u00e0 ci\u00eancia, como a administra\u00e7\u00e3o e a gest\u00e3o de projetos\u201d, avaliou.<\/p>\n<p>Por veda\u00e7\u00e3o legal, a FAPESP n\u00e3o pode exercer atividades administrativas indiretas, no lugar das universidades e institui\u00e7\u00f5es de pesquisa, ressaltou Fernando Dias Menezes de Almeida, diretor administrativo da Funda\u00e7\u00e3o.<\/p>\n<p>Por isso, a Funda\u00e7\u00e3o enxerga que \u00e9 fundamental o papel das universidades e institui\u00e7\u00f5es em estruturar o apoio \u00e0 gest\u00e3o dos projetos de pesquisa de modo que seus pesquisadores gastem seus esfor\u00e7os naquilo que \u00e9 sua atividade-fim, que \u00e9 fazer pesquisa, e menos esfor\u00e7o em fazer a gest\u00e3o administrativa e financeira dos projetos, avaliou Almeida.<\/p>\n<p>\u201cPara tanto, h\u00e1 pessoal de excelente qualidade e com muito conhecimento nessa \u00e1rea nas universidades e institui\u00e7\u00f5es de pesquisa em S\u00e3o Paulo\u201d, afirmou.<\/p>\n<p>Falta de articula\u00e7\u00e3o<\/p>\n<p>Na avalia\u00e7\u00e3o de Munir Skaf, pr\u00f3-reitor de pesquisa da Universidade Estadual de Campinas (Unicamp), algumas das a\u00e7\u00f5es fundamentais para profissionalizar a gest\u00e3o de projetos de pesquisa s\u00e3o prospectar financiamento nos editais nacionais e internacionais, auxiliar na elabora\u00e7\u00e3o das propostas, no desenvolvimento e presta\u00e7\u00e3o de contas do projeto e o resguardo da propriedade intelectual resultante.<\/p>\n<p>As universidades paulistas possuem experi\u00eancia em cada um desses temas. O que falta, contudo, \u00e9 uma articula\u00e7\u00e3o entre esses eixos, avaliou.<\/p>\n<p>\u201c\u00c9 preciso ter coordena\u00e7\u00e3o entre essas fun\u00e7\u00f5es e as pr\u00f3-reitorias de pesquisa das universidades t\u00eam um papel fundamental em estimular a coopera\u00e7\u00e3o entre essas \u00e1reas. Al\u00e9m disso, elas podem aprender juntas e trocar experi\u00eancias entre si\u201d, afirmou.<\/p>\n","protected":false},"excerpt":{"rendered":"<p>Elton Alisson | Ag\u00eancia FAPESP \u2013 A Universidade de S\u00e3o Paulo (USP) pretende aprimorar sua gest\u00e3o de projetos de pesquisa para que seus pesquisadores possam se dedicar mais a sua atividade-fim e menos a tarefas burocr\u00e1ticas, como a de presta\u00e7\u00e3o de contas. Com um or\u00e7amento de R$ 1 bilh\u00e3o por ano para a pesquisa \u2013 [&hellip;]<\/p>\n","protected":false},"author":2,"featured_media":36246,"comment_status":"open","ping_status":"closed","sticky":false,"template":"","format":"standard","meta":{"tdm_status":"","tdm_grid_status":"","footnotes":""},"categories":[22],"tags":[],"class_list":{"0":"post-118175","1":"post","2":"type-post","3":"status-publish","4":"format-standard","5":"has-post-thumbnail","7":"category-brasil"},"_links":{"self":[{"href":"https:\/\/migracao.redenoticia.com.br\/noticia\/wp-json\/wp\/v2\/posts\/118175","targetHints":{"allow":["GET"]}}],"collection":[{"href":"https:\/\/migracao.redenoticia.com.br\/noticia\/wp-json\/wp\/v2\/posts"}],"about":[{"href":"https:\/\/migracao.redenoticia.com.br\/noticia\/wp-json\/wp\/v2\/types\/post"}],"author":[{"embeddable":true,"href":"https:\/\/migracao.redenoticia.com.br\/noticia\/wp-json\/wp\/v2\/users\/2"}],"replies":[{"embeddable":true,"href":"https:\/\/migracao.redenoticia.com.br\/noticia\/wp-json\/wp\/v2\/comments?post=118175"}],"version-history":[{"count":0,"href":"https:\/\/migracao.redenoticia.com.br\/noticia\/wp-json\/wp\/v2\/posts\/118175\/revisions"}],"wp:featuredmedia":[{"embeddable":true,"href":"https:\/\/migracao.redenoticia.com.br\/noticia\/wp-json\/wp\/v2\/media\/36246"}],"wp:attachment":[{"href":"https:\/\/migracao.redenoticia.com.br\/noticia\/wp-json\/wp\/v2\/media?parent=118175"}],"wp:term":[{"taxonomy":"category","embeddable":true,"href":"https:\/\/migracao.redenoticia.com.br\/noticia\/wp-json\/wp\/v2\/categories?post=118175"},{"taxonomy":"post_tag","embeddable":true,"href":"https:\/\/migracao.redenoticia.com.br\/noticia\/wp-json\/wp\/v2\/tags?post=118175"}],"curies":[{"name":"wp","href":"https:\/\/api.w.org\/{rel}","templated":true}]}}