{"id":118264,"date":"2017-08-02T16:38:28","date_gmt":"2017-08-02T19:38:28","guid":{"rendered":"https:\/\/www.redenoticia.com.br\/noticia\/?p=118264"},"modified":"2017-08-02T16:33:11","modified_gmt":"2017-08-02T19:33:11","slug":"resumo-novela-os-dias-eram-assim-0308-maria-avisa-renato-da-volta-de-rimena","status":"publish","type":"post","link":"https:\/\/migracao.redenoticia.com.br\/noticia\/2017\/resumo-novela-os-dias-eram-assim-0308-maria-avisa-renato-da-volta-de-rimena\/118264","title":{"rendered":"Resumo novela \u201cOs Dias Eram Assim\u201d 03\/08: Maria avisa Renato da volta de Rimena"},"content":{"rendered":"<p> <img class=\"alignleft size-thumbnail wp-image-110067\" https:\/\/migracao.redenoticia.com.br\/noticia\/imagens\/os-dias-eram-assim-resumo-novela-globo-150x112.jpg\" alt=\"\" width=\"150\" height=\"112\" \/><strong><em>Resumo novela \u201cOs Dias Eram Assim\u201d 03\/08<\/em><\/strong>: no cap\u00edtulo 063(*) da novela \u201cOs Dias Eram Assim\u201d, resumo de quinta-feira, 03 de agosto, Alice, C\u00e1tia, Gustavo e outras pessoas lutam para apagar o fogo e salvar os livros. Ernesto tenta ajudar Renato a prender o agente, mas recebe um golpe na cabe\u00e7a, e o m\u00e9dico \u00e9 obrigado a libertar o homem. Amaral se apressa para fugir. Renato leva Vera ao hospital. France encontra Serginho desolado, lendo um dos livros. Ernesto lamenta n\u00e3o ter feito todas as revela\u00e7\u00f5es que gostaria. Nanda se sente mal na praia e esconde de Ca\u00edque. Renato se incomoda quando Vera reclama de Alice. Serginho enfrenta Amaral e acaba apanhando. Maria avisa a Renato da chegada de Rimena. Alice questiona Vitor sobre o envolvimento de Arnaldo com o regime militar. Serginho sai de casa. Monique e Toni tentam descobrir o problema que aflige Rud\u00e1. Amaral afirma a Vitor que n\u00e3o v\u00e3o investigar a construtora. Serginho procura Nat\u00e1lia, e ela decide abrig\u00e1-lo em sua casa. Monique pede a Maria para ajud\u00e1-la com Rud\u00e1. Amaral e Ive se unem contra Vitor. Rimena e Laura chegam \u00e0 casa de Vera. Nanda pede a Alice para n\u00e3o contar a Kiki que ela se sentiu mal ap\u00f3s o passeio. Rimena faz um exame de gravidez e encontra Gustavo e Renato no hospital.<\/p>\n<p>(*) edi\u00e7\u00e3o da Rede Globo, Novela \u201cOs Dias Eram Assim\u201d, sujeito a altera\u00e7\u00e3o de data e conte\u00fado.<\/p>\n<p>Os Dias Eram Assim \u00e9 uma s\u00e9rie de televis\u00e3o brasileira produzida e exibida pela Rede Globo. Escrita por \u00c2ngela Chaves e Alessandra Poggi, com colabora\u00e7\u00e3o de Guilherme Vasconcelos e Mariana Torres, conta com a dire\u00e7\u00e3o geral e art\u00edstica de Carlos Ara\u00fajo. \u00c9 a primeira trama exibida como supers\u00e9rie na faixa das 23 horas do canal, sendo que at\u00e9 Liberdade, Liberdade (2016) era denominada de novela das onze. Conta com as participa\u00e7\u00f5es de Sophie Charlotte, Renato G\u00f3es, Daniel de Oliveira, Maria Casadevall, Gabriel Leone, Caio Blat, Susana Vieira e Antonio Calloni. A trama se inicia em 21 de junho de 1970, data da final da Copa do Mundo, do qual o Brasil sai vitorioso. Em meio as comemora\u00e7\u00f5es e o contraste pol\u00edtico e social desolador, promovido pela Ditadura Militar, Alice e Renato se conhecem, iniciando uma hist\u00f3ria de amor que ir\u00e1 durar por quase 20 anos, passando por diversos eventos hist\u00f3ricos at\u00e9 as Diretas J\u00e1. O m\u00e9dico Renato \u00e9 filho primog\u00eanito de Vera, dona de uma livraria em Copacabana, cujos irm\u00e3os s\u00e3o engajados cada um a seu modo. Gustavo sai \u00e0s ruas pela liberdade, enquanto Maria usa a arte para se expressar e manifestar&#8230;.Criada numa fam\u00edlia conservadora, Alice \u00e9 filha de Arnaldo, empreiteiro apoiador do regime vigente e, que executa obras para o Governo. Batendo de frente com o pensamento do pai, que vive em conflito com Kiki, pelo fato da esposa n\u00e3o conseguir controlar a filha, a estudante de Letras contraria o desejo imposto pela fam\u00edlia e deixa Vitor, bra\u00e7o direito do pai na empreiteira, com quem namora h\u00e1 anos. Inconformado, Vitor arma para que Renato seja acusado de subvers\u00e3o e consiga retomar o romance. For\u00e7ado a sair do Pa\u00eds, Renato parte para o Chile e espera que Alice o acompanhe, mas ela acaba por n\u00e3o embarcar. No exterior, conhece a m\u00e9dica Rimena, cujos interesses se revelam m\u00fatuos. Durante a Anistia, Renato retorna ao Brasil e se reencontra com Alice, trazendo \u00e0 tona os mesmos sentimentos.<\/p>\n","protected":false},"excerpt":{"rendered":"","protected":false},"author":2,"featured_media":110064,"comment_status":"open","ping_status":"closed","sticky":false,"template":"","format":"standard","meta":{"tdm_status":"","tdm_grid_status":"","footnotes":""},"categories":[379,375,343],"tags":[441],"class_list":{"0":"post-118264","1":"post","2":"type-post","3":"status-publish","4":"format-standard","5":"has-post-thumbnail","7":"category-novelas","8":"category-rede-globo","9":"category-televisao","10":"tag-resumo-do-dia"},"_links":{"self":[{"href":"https:\/\/migracao.redenoticia.com.br\/noticia\/wp-json\/wp\/v2\/posts\/118264","targetHints":{"allow":["GET"]}}],"collection":[{"href":"https:\/\/migracao.redenoticia.com.br\/noticia\/wp-json\/wp\/v2\/posts"}],"about":[{"href":"https:\/\/migracao.redenoticia.com.br\/noticia\/wp-json\/wp\/v2\/types\/post"}],"author":[{"embeddable":true,"href":"https:\/\/migracao.redenoticia.com.br\/noticia\/wp-json\/wp\/v2\/users\/2"}],"replies":[{"embeddable":true,"href":"https:\/\/migracao.redenoticia.com.br\/noticia\/wp-json\/wp\/v2\/comments?post=118264"}],"version-history":[{"count":0,"href":"https:\/\/migracao.redenoticia.com.br\/noticia\/wp-json\/wp\/v2\/posts\/118264\/revisions"}],"wp:featuredmedia":[{"embeddable":true,"href":"https:\/\/migracao.redenoticia.com.br\/noticia\/wp-json\/wp\/v2\/media\/110064"}],"wp:attachment":[{"href":"https:\/\/migracao.redenoticia.com.br\/noticia\/wp-json\/wp\/v2\/media?parent=118264"}],"wp:term":[{"taxonomy":"category","embeddable":true,"href":"https:\/\/migracao.redenoticia.com.br\/noticia\/wp-json\/wp\/v2\/categories?post=118264"},{"taxonomy":"post_tag","embeddable":true,"href":"https:\/\/migracao.redenoticia.com.br\/noticia\/wp-json\/wp\/v2\/tags?post=118264"}],"curies":[{"name":"wp","href":"https:\/\/api.w.org\/{rel}","templated":true}]}}