{"id":118565,"date":"2017-08-08T00:06:40","date_gmt":"2017-08-08T03:06:40","guid":{"rendered":"https:\/\/www.redenoticia.com.br\/noticia\/?p=118565"},"modified":"2017-08-07T21:25:34","modified_gmt":"2017-08-08T00:25:34","slug":"univesp-assina-convenios-com-38-prefeituras-para-oferecer-cursos","status":"publish","type":"post","link":"https:\/\/migracao.redenoticia.com.br\/noticia\/2017\/univesp-assina-convenios-com-38-prefeituras-para-oferecer-cursos\/118565","title":{"rendered":"Univesp assina conv\u00eanios com 38 prefeituras para oferecer cursos"},"content":{"rendered":"<p> A <strong><em>Univesp<\/em><\/strong> (Universidade Virtual do Estado de S\u00e3o Paulo) assinou conv\u00eanios com 38 prefeituras paulistas para instala\u00e7\u00e3o de polos da institui\u00e7\u00e3o. Com a assinatura dos conv\u00eanios a universidade completa 100 pontos em 63 cidades do Estado.<\/p>\n<p>\u201cHoje \u00e9 um dia hist\u00f3rico. Estamos criando mais de 16 mil vagas no ensino superior gratuito em S\u00e3o Paulo. Com o vestibular, chegamos a mais de 60 munic\u00edpios do Estado, por meio do apoio dos professores das melhores universidades, como USP, Unesp e Unicamp. S\u00e3o 100 polos no Estado. Na capital, temos 33 polos, com seis mil alunos\u201d, comemorou Alckmin, que salientou a inclus\u00e3o de alunos provenientes do ensino p\u00fablico.<\/p>\n<p>\u201cDestaco que 85% dos estudantes s\u00e3o de escola p\u00fablica. S\u00e3o Paulo n\u00e3o deixa ningu\u00e9m para tr\u00e1s, levando ensino universit\u00e1rio, de qualidade, gratuito e a dist\u00e2ncia. O aluno faz o seu hor\u00e1rio e estuda pela Internet, com material pedag\u00f3gico bem elaborado\u201d, comentou o governador.<\/p>\n<p>Os polos s\u00e3o espa\u00e7os f\u00edsicos nos munic\u00edpios. Eles oferecem a infraestrutura necess\u00e1ria (computadores, impressoras e acesso \u00e0 Internet) para o estudante participar das atividades da universidade como provas, discuss\u00f5es em grupo e dos trabalhos orientados por tutores. Nesses locais, tamb\u00e9m \u00e9 poss\u00edvel solicitar servi\u00e7os de secretaria acad\u00eamica, assim como tirar suas d\u00favidas sobre o AVA (Ambiente Virtual de Aprendizagem).<\/p>\n<p>O AVA \u00e9 a plataforma digital utilizada pelos estudantes para desenvolver as atividades acad\u00eamicas, que incluem as v\u00eddeo-aulas e o acesso ao material did\u00e1tico, bibliografia e sistema para sanar d\u00favidas com os tutores.<\/p>\n<p>Criada em 2012, a Univesp \u00e9 uma funda\u00e7\u00e3o mantida pelo Governo do Estado, vinculada \u00e0 Secretaria de Desenvolvimento Econ\u00f4mico, Ci\u00eancia, Tecnologia e Inova\u00e7\u00e3o, e credenciada pelo Conselho Estadual de Educa\u00e7\u00e3o e Minist\u00e9rio da Educa\u00e7\u00e3o e Cultura (MEC).<\/p>\n<p>A Univesp \u00e9 considerada a quarta universidade estadual paulista e mant\u00e9m parcerias com a USP, Unesp, Unicamp e o Centro Paula Souza para o desenvolvimento do conte\u00fado e coordena\u00e7\u00e3o dos cursos.<\/p>\n<p>Matr\u00edculas<\/p>\n<p>A Univesp promoveu recentemente o seu vestibular para os cursos deste ano de Engenharia da Computa\u00e7\u00e3o, Engenharia de Produ\u00e7\u00e3o, Licenciatura em Matem\u00e1tica e o rec\u00e9m implantado curso de Pedagogia. Participaram cerca de 80 mil inscritos.<\/p>\n<p>Segundo a presidente da Univesp, Maria Alice Carraturi, a primeira chamada de aprovados ser\u00e1 divulgada j\u00e1 nesta ter\u00e7a-feira (8), e as matr\u00edculas poder\u00e3o ser feitas quarta (9) e quinta-feira (10), nos pr\u00f3prios polos escolhidos pelos estudantes. As aulas come\u00e7am no dia 21 de agosto.<\/p>\n<p>O primeiro vestibular da universidade aconteceu em 2014, com oferta de 3.330 vagas para gradua\u00e7\u00e3o em Engenharia de Computa\u00e7\u00e3o e Engenharia de Produ\u00e7\u00e3o, assim como licenciaturas em Matem\u00e1tica, F\u00edsica, Qu\u00edmica e Biologia.<\/p>\n<p>Em 2016 foi realizado um novo processo seletivo com disponibilidade de 918 vagas para uma segunda turma de Engenharia de Computa\u00e7\u00e3o e Engenharia de Produ\u00e7\u00e3o. Hoje, com 2,5 mil alunos, al\u00e9m desses seis cursos de gradua\u00e7\u00e3o, a Univesp oferece op\u00e7\u00f5es de especializa\u00e7\u00e3o para a forma\u00e7\u00e3o docente no ensino mediado pelas tecnologias.<\/p>\n","protected":false},"excerpt":{"rendered":"<p>A Univesp (Universidade Virtual do Estado de S\u00e3o Paulo) assinou conv\u00eanios com 38 prefeituras paulistas para instala\u00e7\u00e3o de polos da institui\u00e7\u00e3o. Com a assinatura dos conv\u00eanios a universidade completa 100 pontos em 63 cidades do Estado. \u201cHoje \u00e9 um dia hist\u00f3rico. Estamos criando mais de 16 mil vagas no ensino superior gratuito em S\u00e3o Paulo. [&hellip;]<\/p>\n","protected":false},"author":2,"featured_media":57577,"comment_status":"open","ping_status":"closed","sticky":false,"template":"","format":"standard","meta":{"tdm_status":"","tdm_grid_status":"","footnotes":""},"categories":[22,370,295],"tags":[],"class_list":{"0":"post-118565","1":"post","2":"type-post","3":"status-publish","4":"format-standard","5":"has-post-thumbnail","7":"category-brasil","8":"category-inscricao","9":"category-vestibular"},"_links":{"self":[{"href":"https:\/\/migracao.redenoticia.com.br\/noticia\/wp-json\/wp\/v2\/posts\/118565","targetHints":{"allow":["GET"]}}],"collection":[{"href":"https:\/\/migracao.redenoticia.com.br\/noticia\/wp-json\/wp\/v2\/posts"}],"about":[{"href":"https:\/\/migracao.redenoticia.com.br\/noticia\/wp-json\/wp\/v2\/types\/post"}],"author":[{"embeddable":true,"href":"https:\/\/migracao.redenoticia.com.br\/noticia\/wp-json\/wp\/v2\/users\/2"}],"replies":[{"embeddable":true,"href":"https:\/\/migracao.redenoticia.com.br\/noticia\/wp-json\/wp\/v2\/comments?post=118565"}],"version-history":[{"count":0,"href":"https:\/\/migracao.redenoticia.com.br\/noticia\/wp-json\/wp\/v2\/posts\/118565\/revisions"}],"wp:featuredmedia":[{"embeddable":true,"href":"https:\/\/migracao.redenoticia.com.br\/noticia\/wp-json\/wp\/v2\/media\/57577"}],"wp:attachment":[{"href":"https:\/\/migracao.redenoticia.com.br\/noticia\/wp-json\/wp\/v2\/media?parent=118565"}],"wp:term":[{"taxonomy":"category","embeddable":true,"href":"https:\/\/migracao.redenoticia.com.br\/noticia\/wp-json\/wp\/v2\/categories?post=118565"},{"taxonomy":"post_tag","embeddable":true,"href":"https:\/\/migracao.redenoticia.com.br\/noticia\/wp-json\/wp\/v2\/tags?post=118565"}],"curies":[{"name":"wp","href":"https:\/\/api.w.org\/{rel}","templated":true}]}}