{"id":118567,"date":"2017-08-08T00:07:37","date_gmt":"2017-08-08T03:07:37","guid":{"rendered":"https:\/\/www.redenoticia.com.br\/noticia\/?p=118567"},"modified":"2017-08-07T21:28:42","modified_gmt":"2017-08-08T00:28:42","slug":"cursos-da-escola-de-moda-em-sp","status":"publish","type":"post","link":"https:\/\/migracao.redenoticia.com.br\/noticia\/2017\/cursos-da-escola-de-moda-em-sp\/118567","title":{"rendered":"Cursos da Escola de Moda em SP"},"content":{"rendered":"<p>Est\u00e3o abertas as inscri\u00e7\u00f5es para os cursos da\u00a0, o Fundo Social de Solidariedade do Estado de S\u00e3o Paulo. Diante da grande procura, as inscri\u00e7\u00f5es s\u00e3o para entrar na fila de espera para a modalidade de curso de interesse.<\/p>\n<p>Os cursos oferecidos na Escola de Moda s\u00e3o: Roteiro de Corte e Costura; Modelagem; Cartonagem; Bordado de Pedraria; Bordado em Linha; e Croch\u00ea.<\/p>\n<p>Para se candidatar a uma vaga, \u00e9 preciso comparecer pessoalmente, de segunda a sexta-feira, munido de documentos pessoais (RG, CPF e comprovante de resid\u00eancia atualizado), das 8h30 \u00e0s 16h, na sede da escola, localizada dentro do Parque da \u00c1gua Branca, pr\u00f3ximo \u00e0 esta\u00e7\u00e3o Barra Funda.<\/p>\n<p>As aulas s\u00e3o realizadas \u00e0s segundas e quartas- feiras ou \u00e0s ter\u00e7as e quintas-feiras, em dois hor\u00e1rios (8h \u00e0s 11h55 ou 13h \u00e0s 16h55). Al\u00e9m da sede do Parque da \u00c1gua Branca, s\u00e3o oferecidos cursos tamb\u00e9m nos seguintes locais: Parque Dom Pedro II, Pal\u00e1cio dos Bandeirantes, CIC Taipas, CIC Ferraz, CIC Guarulhos e CIC Feiti\u00e7o da Vila.<\/p>\n<p>SERVI\u00c7O<\/p>\n<p>Inscri\u00e7\u00f5es para cursos na Escola de Moda<br \/>\nDe segunda a sexta-feira, das 8h30 \u00e0s 16h<br \/>\nRua Ministro God\u00f3i, 180 \u2013 Perdizes (dentro do Parque da \u00c1gua Branca \u2013 pr\u00f3ximo \u00e0 esta\u00e7\u00e3o Barra Funda)<\/p>\n<p>Locais das aulas<br \/>\nSede da Escola de Moda \u2013 Rua Ministro God\u00f3i, 180 \u2013 Perdizes \u2013 Tel.: 2588-5762\/5896\u00a0Casa II \u2013 Rua Frederico Alvarenga,125 \u2013 Parque Dom Pedro II \u2013 Tel.: 3242-7495\u00a0Pal\u00e1cio dos Bandeirantes \u2013 Av. Morumbi, 4.500 \u2013 Tel.: 2193-8460<br \/>\nCIC Taipas \u2013 Estrada de Taipas,990 \u2013 Jd. S\u00e3o Jo\u00e3o, Jaragu\u00e1 \u2013 Tel.: 3942-5258<br \/>\nCIC Ferraz \u2013 Rua Am\u00e9rico Trufelli, 60 \u2013 Ferraz de Vasconcelos \u2013 Tel.:4675-4641<br \/>\nCIC Guarulhos \u2013 Estrada do Cap\u00e3o Bonito, 53 \u2013 Bairro dos Pimentas \u2013 Tel.: 2484-0809<br \/>\nCIC Feiti\u00e7o da Vila \u2013 Estrada de Itapecerica, 8.887 \u2013 Cap\u00e3o Redondo \u2013 Tel.: 5825-2444<\/p>\n<p>Do Portal do Governo SP<\/p>\n","protected":false},"excerpt":{"rendered":"<p>Est\u00e3o abertas as inscri\u00e7\u00f5es para os cursos da\u00a0, o Fundo Social de Solidariedade do Estado de S\u00e3o Paulo. Diante da grande procura, as inscri\u00e7\u00f5es s\u00e3o para entrar na fila de espera para a modalidade de curso de interesse. Os cursos oferecidos na Escola de Moda s\u00e3o: Roteiro de Corte e Costura; Modelagem; Cartonagem; Bordado de [&hellip;]<\/p>\n","protected":false},"author":2,"featured_media":36262,"comment_status":"open","ping_status":"closed","sticky":false,"template":"","format":"standard","meta":{"tdm_status":"","tdm_grid_status":"","footnotes":""},"categories":[22,351,370],"tags":[],"class_list":{"0":"post-118567","1":"post","2":"type-post","3":"status-publish","4":"format-standard","5":"has-post-thumbnail","7":"category-brasil","8":"category-cursos","9":"category-inscricao"},"_links":{"self":[{"href":"https:\/\/migracao.redenoticia.com.br\/noticia\/wp-json\/wp\/v2\/posts\/118567","targetHints":{"allow":["GET"]}}],"collection":[{"href":"https:\/\/migracao.redenoticia.com.br\/noticia\/wp-json\/wp\/v2\/posts"}],"about":[{"href":"https:\/\/migracao.redenoticia.com.br\/noticia\/wp-json\/wp\/v2\/types\/post"}],"author":[{"embeddable":true,"href":"https:\/\/migracao.redenoticia.com.br\/noticia\/wp-json\/wp\/v2\/users\/2"}],"replies":[{"embeddable":true,"href":"https:\/\/migracao.redenoticia.com.br\/noticia\/wp-json\/wp\/v2\/comments?post=118567"}],"version-history":[{"count":0,"href":"https:\/\/migracao.redenoticia.com.br\/noticia\/wp-json\/wp\/v2\/posts\/118567\/revisions"}],"wp:featuredmedia":[{"embeddable":true,"href":"https:\/\/migracao.redenoticia.com.br\/noticia\/wp-json\/wp\/v2\/media\/36262"}],"wp:attachment":[{"href":"https:\/\/migracao.redenoticia.com.br\/noticia\/wp-json\/wp\/v2\/media?parent=118567"}],"wp:term":[{"taxonomy":"category","embeddable":true,"href":"https:\/\/migracao.redenoticia.com.br\/noticia\/wp-json\/wp\/v2\/categories?post=118567"},{"taxonomy":"post_tag","embeddable":true,"href":"https:\/\/migracao.redenoticia.com.br\/noticia\/wp-json\/wp\/v2\/tags?post=118567"}],"curies":[{"name":"wp","href":"https:\/\/api.w.org\/{rel}","templated":true}]}}