{"id":1186,"date":"2009-05-05T15:15:06","date_gmt":"2009-05-05T19:15:06","guid":{"rendered":"http:\/\/www.redenoticia.com.br\/noticia\/?p=1186"},"modified":"2009-05-05T15:15:06","modified_gmt":"2009-05-05T19:15:06","slug":"entidades-medicas-apoiam-ms-na-luta-contra-o-a-h1n1-2","status":"publish","type":"post","link":"https:\/\/migracao.redenoticia.com.br\/noticia\/2009\/entidades-medicas-apoiam-ms-na-luta-contra-o-a-h1n1-2\/1186","title":{"rendered":"Entidades m\u00e9dicas apoiam MS na luta contra o A (H1N1)"},"content":{"rendered":"<p style=\"margin-top: 6pt; margin-right: 0cm; margin-bottom: 0pt; margin-left: 0cm; line-height: 150%; text-align: justify; \"><span style=\"font-size: 11pt; line-height: 150%; font-family: Arial; \">A Associa\u00e7\u00e3o M\u00e9dica Brasileira (AMB) e a Sociedade Brasileira de Infectologia (SBI) comunicaram ao Minist\u00e9rio da Sa\u00fade que devem divulgar at\u00e9 a pr\u00f3xima ter\u00e7a-feira (5) a primeira vers\u00e3o dos informativos sobre o v\u00edrus A (H1N1) que ser\u00e3o distribu\u00eddos pela entidade para profissionais m\u00e9dicos e a popula\u00e7\u00e3o brasileira. O grupo t\u00e9cnico respons\u00e1vel pelos documentos foi constitu\u00eddo em reuni\u00e3o das entidades na \u00faltima quinta-feira, 30, em S\u00e3o Paulo.<\/span><\/p>\n<p style=\"margin-top: 6pt; margin-right: 0cm; margin-bottom: 0pt; margin-left: 0cm; line-height: 150%; text-align: justify; \"><span style=\"font-size: 11pt; line-height: 150%; font-family: Arial; \">A previs\u00e3o \u00e9 que o material seja entregue aos m\u00e9dicos em 10 dias. No caso da popula\u00e7\u00e3o em geral, est\u00e1 prevista a divulga\u00e7\u00e3o pelas entidades das recomenda\u00e7\u00f5es elaboradas com base nos informes t\u00e9cnicos do Minist\u00e9rio da Sa\u00fade atrav\u00e9s do site da AMB e por meio da grande m\u00eddia. \u201cTodos os profissionais de sa\u00fade devem ser orientados para evitar o avan\u00e7o do v\u00edrus no pa\u00eds. Vamos definir, por exemplo, o caso cl\u00ednico e os procedimentos a serem adotados\u201d, afirma o presidente da AMB, Jos\u00e9 Luiz Gomes do Amaral.<\/span><\/p>\n<p style=\"margin-top: 6pt; margin-right: 0cm; margin-bottom: 0pt; margin-left: 0cm; line-height: 150%; text-align: justify; \"><span style=\"font-size: 11pt; line-height: 150%; font-family: Arial; \">O presidente da entidade avaliou positivamente as medidas de conting\u00eancia adotadas no Brasil pelo Minist\u00e9rio da Sa\u00fade. \u201cAs autoridades e os profissionais est\u00e3o alertas. Ainda conhecemos pouco sobre o v\u00edrus e, neste est\u00e1gio, n\u00e3o imagino como o procedimento poderia ser diferente\u201d. Para o presidente da Sociedade Brasileira de Infectologia (SBI), Juv\u00eancio Furtado, a preocupa\u00e7\u00e3o agora deve ser informar bem a popula\u00e7\u00e3o e monitorar a situa\u00e7\u00e3o continuamente. \u201cTemos uma fronteira grande e precisamos intensificar as a\u00e7\u00f5es de preven\u00e7\u00e3o\u201d, diz Furtado.<\/span><\/p>\n<p style=\"margin-top: 6pt; margin-right: 0cm; margin-bottom: 0pt; margin-left: 0cm; line-height: 150%; text-align: justify; \"><strong><span style=\"font-size: 11pt; line-height: 150%; font-family: Arial; \">MEDIDAS &#8211;<span class=\"Apple-converted-space\">\u00a0<\/span><\/span><\/strong><span style=\"font-size: 11pt; line-height: 150%; font-family: Arial; \">Embora a Organiza\u00e7\u00e3o Mundial de Sa\u00fade (OMS) tenha elevado para 5 o grau de alerta da gripe A (H1N1) &#8211; numa escala que vai at\u00e9 6 -, os infectologistas afirmam que a popula\u00e7\u00e3o brasileira deve manter a calma. N\u00e3o existem evid\u00eancias da circula\u00e7\u00e3o do v\u00edrus no Brasil. O momento, dizem eles, \u00e9 de cautela. Todos os especialistas ouvidos ressaltaram que medidas de preven\u00e7\u00e3o necess\u00e1rias j\u00e1 est\u00e3o sendo tomadas pelo governo federal no pa\u00eds.<\/span><\/p>\n<p style=\"margin-top: 6pt; margin-right: 0cm; margin-bottom: 0pt; margin-left: 0cm; line-height: 150%; text-align: justify; \"><span style=\"font-size: 11pt; line-height: 150%; font-family: Arial; \">Para o vice-presidente da Sociedade Brasileira de Infectologia, Marcelo Sim\u00e3o Ferreira, o governo agiu corretamente ao monitorar a chegada dos v\u00f4os internacionais e repassar informa\u00e7\u00f5es sobre a doen\u00e7a aos viajantes. \u201cN\u00e3o h\u00e1 casos confirmados no Brasil e n\u00e3o temos motivo para alarde. As medidas do governo est\u00e3o no caminho certo e, agora, a popula\u00e7\u00e3o deve seguir essas orienta\u00e7\u00f5es\u201d, afirma. O infectologista e diretor do Hospital Estadual Em\u00edlio Ribas, David Uip, tamb\u00e9m considera prudente manter a calma. \u201c\u00c9 recomend\u00e1vel adiar viagens para pa\u00edses com surtos de da doen\u00e7a e manter-se informado sobre a sua evolu\u00e7\u00e3o no mundo. Fora isso, vida normal\u201d, diz.<\/span><\/p>\n<p style=\"margin-top: 6pt; margin-right: 0cm; margin-bottom: 0pt; margin-left: 0cm; line-height: 150%; text-align: justify; \"><span style=\"font-size: 11pt; line-height: 150%; font-family: Arial; \">Ele destaca que as autoridades federais e estaduais est\u00e3o alertas e intensificaram a vigil\u00e2ncia para identificar poss\u00edveis casos de gripe su\u00edna. \u201cAl\u00e9m disso, haver\u00e1 monitoramento constante dos tipos de gripe que estejam ocorrendo no pa\u00eds, por meio das unidades-sentinela, que ir\u00e3o coletar regularmente amostras de<span style=\"color: black; \"><span class=\"Apple-converted-space\">\u00a0<\/span>secre\u00e7\u00f5es nasais e de garganta de pessoas com quadros gripais para isolamento dos v\u00edrus\u201d, observa o infectologista.<\/span><\/span><\/p>\n<p style=\"margin-top: 6pt; margin-right: 0cm; margin-bottom: 0pt; margin-left: 0cm; line-height: 150%; text-align: justify; \"><strong><span style=\"font-size: 11pt; line-height: 150%; font-family: Arial; \">COMUNICA\u00c7\u00c3O &#8211;<span class=\"Apple-converted-space\">\u00a0<\/span><\/span><\/strong><span style=\"font-size: 11pt; line-height: 150%; font-family: Arial; \">O presidente da Sociedade Brasileira de Infectologia do Distrito Federal, Julival Ribeiro, por sua vez, elogia a difus\u00e3o de informa\u00e7\u00f5es, principalmente, por meio das r\u00e1dios. Ao todo, s\u00e3o 2,7 mil inser\u00e7\u00f5es de comunicado nas duas principais r\u00e1dios de cada capital e duas redes nacionais (uma m\u00e9dia de 50 em cada uma das 58 emissoras). \u201cEssa \u00e9 a melhor forma de se chegar \u00e0s comunidades em todo o territ\u00f3rio nacional\u201d, acredita. At\u00e9 domingo, o MS havia garantido a distribui\u00e7\u00e3o de 800 mil folders trilingues com informa\u00e7\u00f5es sobre a doen\u00e7a e est\u00e1 preparado para garantir mais.<\/span><\/p>\n<p style=\"margin-top: 6pt; margin-right: 0cm; margin-bottom: 0pt; margin-left: 0cm; line-height: 150%; text-align: justify; \"><span style=\"font-size: 11pt; line-height: 150%; font-family: Arial; \">Na opini\u00e3o do presidente da Sociedade Goiana de Infectologia, Marcelo Cec\u00edlio Daher, a partir de agora, o governo deve intensificar as a\u00e7\u00f5es junto aos profissionais de sa\u00fade de todos os estados e munic\u00edpios para inform\u00e1-los sobre o procedimento correto em rela\u00e7\u00e3o ao v\u00edrus. \u201cAs a\u00e7\u00f5es foram tomadas de maneira r\u00e1pida. Os casos suspeitos foram isolados e as provid\u00eancias epidemiol\u00f3gicas seguidas imediatamente. Isso mostra o nosso preparo para a situa\u00e7\u00e3o\u201d, observa.<\/span><\/p>\n<p style=\"margin-top: 6pt; margin-right: 0cm; margin-bottom: 0pt; margin-left: 0cm; line-height: 150%; text-align: justify; \"><span style=\"font-size: 11pt; line-height: 150%; font-family: Arial; \">Sobre o controle nos aeroportos, conforme analisa o infectologista veterin\u00e1rio da Universidade de Bras\u00edlia (UnB) Cristiano Barros, o pa\u00eds est\u00e1 agindo de maneira correta na orienta\u00e7\u00e3o dos passageiros. \u201cN\u00e3o \u00e9 simples trabalhar em um pa\u00eds dessa magnitude. Uma falha ou outra pode acontecer, mas a expectativa \u00e9 que isso melhore. Sabemos que as pessoas que criticam querem contribuir, mas elas geralmente n\u00e3o t\u00eam um conhecimento t\u00e9cnico\u201d, diz o infectologista veterin\u00e1rio. No que diz respeito aos rem\u00e9dios antivirais, todos os especialistas entrevistados condenam a automedica\u00e7\u00e3o e explicam o preju\u00edzo desse ato. \u201cO perigo de tomar os antivirais sem orienta\u00e7\u00e3o m\u00e9dica \u00e9 tornar o v\u00edrus ainda mais resistente\u201d, adverte Ribeiro.<\/span><\/p><\/p>\n","protected":false},"excerpt":{"rendered":"<p>A Associa\u00e7\u00e3o M\u00e9dica Brasileira (AMB) e a Sociedade Brasileira de Infectologia (SBI) comunicaram ao Minist\u00e9rio da Sa\u00fade que devem divulgar at\u00e9 a pr\u00f3xima ter\u00e7a-feira (5) a primeira vers\u00e3o dos informativos sobre o v\u00edrus A (H1N1) que ser\u00e3o distribu\u00eddos pela entidade para profissionais m\u00e9dicos e a popula\u00e7\u00e3o brasileira. O grupo t\u00e9cnico respons\u00e1vel pelos documentos foi constitu\u00eddo [&hellip;]<\/p>\n","protected":false},"author":2,"featured_media":0,"comment_status":"open","ping_status":"open","sticky":false,"template":"","format":"standard","meta":{"tdm_status":"","tdm_grid_status":"","footnotes":""},"categories":[5],"tags":[],"class_list":{"0":"post-1186","1":"post","2":"type-post","3":"status-publish","4":"format-standard","6":"category-saude-e-vida"},"_links":{"self":[{"href":"https:\/\/migracao.redenoticia.com.br\/noticia\/wp-json\/wp\/v2\/posts\/1186","targetHints":{"allow":["GET"]}}],"collection":[{"href":"https:\/\/migracao.redenoticia.com.br\/noticia\/wp-json\/wp\/v2\/posts"}],"about":[{"href":"https:\/\/migracao.redenoticia.com.br\/noticia\/wp-json\/wp\/v2\/types\/post"}],"author":[{"embeddable":true,"href":"https:\/\/migracao.redenoticia.com.br\/noticia\/wp-json\/wp\/v2\/users\/2"}],"replies":[{"embeddable":true,"href":"https:\/\/migracao.redenoticia.com.br\/noticia\/wp-json\/wp\/v2\/comments?post=1186"}],"version-history":[{"count":0,"href":"https:\/\/migracao.redenoticia.com.br\/noticia\/wp-json\/wp\/v2\/posts\/1186\/revisions"}],"wp:attachment":[{"href":"https:\/\/migracao.redenoticia.com.br\/noticia\/wp-json\/wp\/v2\/media?parent=1186"}],"wp:term":[{"taxonomy":"category","embeddable":true,"href":"https:\/\/migracao.redenoticia.com.br\/noticia\/wp-json\/wp\/v2\/categories?post=1186"},{"taxonomy":"post_tag","embeddable":true,"href":"https:\/\/migracao.redenoticia.com.br\/noticia\/wp-json\/wp\/v2\/tags?post=1186"}],"curies":[{"name":"wp","href":"https:\/\/api.w.org\/{rel}","templated":true}]}}