{"id":118626,"date":"2017-08-08T16:33:46","date_gmt":"2017-08-08T19:33:46","guid":{"rendered":"https:\/\/www.redenoticia.com.br\/noticia\/?p=118626"},"modified":"2017-08-08T16:27:47","modified_gmt":"2017-08-08T19:27:47","slug":"resumo-novela-chiquititas-0908-carmem-fecha-a-porta-do-porao-do-orfanato","status":"publish","type":"post","link":"https:\/\/migracao.redenoticia.com.br\/noticia\/2017\/resumo-novela-chiquititas-0908-carmem-fecha-a-porta-do-porao-do-orfanato\/118626","title":{"rendered":"Resumo novela \u201cChiquititas\u201d 09\/08: Carmem fecha a porta do por\u00e3o do orfanato"},"content":{"rendered":"<p><img loading=\"lazy\" decoding=\"async\" class=\"alignleft size-thumbnail wp-image-49690\" src=\"https:\/\/migracao.redenoticia.com.br\/noticia\/imagens\/chiquititas1-150x112.jpg\" alt=\"chiquititas\" width=\"150\" height=\"112\" \/><strong><em>Resumo novela \u201cChiquititas\u201d 09\/08<\/em><\/strong>: no cap\u00edtulo 237(*) da novela \u201cChiquititas\u201d, resumo de quarta-feira, 09 de agosto, JP fala para Cris que leu a historia de A\u00e7ucena, que na verdade \u00e9 Mili. Cris inventa que A\u00e7ucena \u00e9 prima de considera\u00e7\u00e3o de Mili. JP conta que outra pessoa diz ter escrito a hist\u00f3ria e que gostaria deconhecer quem escreveu. Cris conta para Mili que ela ter\u00e1 que se vestir como outra pessoa e fingir ser A\u00e7ucena para a hist\u00f3ria n\u00e3o piorar. JP discute com Renata, que assume n\u00e3o ter escrito a hist\u00f3ria. Pata e Andr\u00e9 acabam conversando e se dando bem. O menino a acompanha at\u00e9 o orfanato ap\u00f3s o castigo. Junior faz uma reuni\u00e3o com Armando e Maria Cec\u00edlia para anunciar que herdou as empresas do Caf\u00e9 Boutique. Ele promove Maria Cec\u00edlia e Armando fica enciumado. Shirley Santana \u00e9 chamada no orfanato para tratar do visual de Sim\u00e3o. Ap\u00f3s toda mudan\u00e7a no visual, Sim\u00e3o fica com melhor apar\u00eancia. Pata desabafa com Mili que nenhum garoto gosta dela e que isso a deixa triste. Mili diz que acha que ela est\u00e1 gostando de algu\u00e9m. Carmen conta com a ajuda de Matilde, que finge ser Ernestina, para fazer de tudo pra tirar Carol da dire\u00e7\u00e3o do orfanato. As duas tamb\u00e9m tamp\u00e3o a porta do por\u00e3o do orfanato, onde Miguel fica escondido.<\/p>\n<p>(*) edi\u00e7\u00e3o do SBT, Novela \u201cChiquititas\u201d, sujeito a altera\u00e7\u00e3o de data e conte\u00fado.<\/p>\n<p>Chiquititas gira em torno do orfanato Raio de Luz, que carrega em sua hist\u00f3ria um grande segredo envolvendo a fam\u00edlia e o dono do orfanato, Dr. Jos\u00e9 Ricardo Almeida Campos. Em um per\u00edodo anterior \u00e0 novela, exatos treze anos, sua filha Gabriela se apaixonou e ficou gr\u00e1vida de Miguel, filho de Valentina, empregada da casa dos Almeida Campos. Pouco depois, Jos\u00e9 Ricardo sequestrou sua neta, pois, como um homem conservador, ele n\u00e3o aceitava a ideia de que sua filha se envolvesse com um empregado. Como sua neta, Milena, apelidada como Mili, precisava de um lugar para morar, ele comprou um casar\u00e3o e fundou um orfanato, o Raio de Luz. Mili cresceu l\u00e1 com outras garotas que chegaram posteriormente: Bia, Ana, as irm\u00e3s Tati e Vivi, e Cris. Ao decorrer dos anos, elas se tornam uma fam\u00edlia. Elas s\u00e3o supervisionadas por Ernestina, zeladora do orfanato, e Chico, o cozinheiro amado pelas internas. Sofia, ex-governanta da fam\u00edlia Almeida Campos, \u00e9 a diretora do lugar, at\u00e9 que Carmem, irm\u00e3 de Jos\u00e9 Ricardo, entre em seu lugar. Chegam ainda mais \u00f3rf\u00e3os: Pata, Mosca, Binho e Rafa, que viviam nas ruas antes de entrarem na institui\u00e7\u00e3o. Pata e Mili tornam-se amigas rapidamente, enquanto Mosca, Binho e Rafa s\u00e3o os primeiros garotos a entrar no abrigo. As crian\u00e7as sem-teto foram ajudadas por uma doce e bela garota que tocam e mudam a vida delas, assim como as das garotas \u00f3rf\u00e3s.<\/p>\n","protected":false},"excerpt":{"rendered":"<p>Resumo novela \u201cChiquititas\u201d 09\/08: no cap\u00edtulo 237(*) da novela \u201cChiquititas\u201d, resumo de quarta-feira, 09 de agosto, JP fala para Cris que leu a historia de A\u00e7ucena, que na verdade \u00e9 Mili. Cris inventa que A\u00e7ucena \u00e9 prima de considera\u00e7\u00e3o de Mili. JP conta que outra pessoa diz ter escrito a hist\u00f3ria e que gostaria deconhecer [&hellip;]<\/p>\n","protected":false},"author":4,"featured_media":49690,"comment_status":"open","ping_status":"closed","sticky":false,"template":"","format":"standard","meta":{"tdm_status":"","tdm_grid_status":"","footnotes":""},"categories":[409,379,372,343],"tags":[441],"class_list":{"0":"post-118626","1":"post","2":"type-post","3":"status-publish","4":"format-standard","5":"has-post-thumbnail","7":"category-chiquititas","8":"category-novelas","9":"category-sbt","10":"category-televisao","11":"tag-resumo-do-dia"},"_links":{"self":[{"href":"https:\/\/migracao.redenoticia.com.br\/noticia\/wp-json\/wp\/v2\/posts\/118626","targetHints":{"allow":["GET"]}}],"collection":[{"href":"https:\/\/migracao.redenoticia.com.br\/noticia\/wp-json\/wp\/v2\/posts"}],"about":[{"href":"https:\/\/migracao.redenoticia.com.br\/noticia\/wp-json\/wp\/v2\/types\/post"}],"author":[{"embeddable":true,"href":"https:\/\/migracao.redenoticia.com.br\/noticia\/wp-json\/wp\/v2\/users\/4"}],"replies":[{"embeddable":true,"href":"https:\/\/migracao.redenoticia.com.br\/noticia\/wp-json\/wp\/v2\/comments?post=118626"}],"version-history":[{"count":0,"href":"https:\/\/migracao.redenoticia.com.br\/noticia\/wp-json\/wp\/v2\/posts\/118626\/revisions"}],"wp:featuredmedia":[{"embeddable":true,"href":"https:\/\/migracao.redenoticia.com.br\/noticia\/wp-json\/wp\/v2\/media\/49690"}],"wp:attachment":[{"href":"https:\/\/migracao.redenoticia.com.br\/noticia\/wp-json\/wp\/v2\/media?parent=118626"}],"wp:term":[{"taxonomy":"category","embeddable":true,"href":"https:\/\/migracao.redenoticia.com.br\/noticia\/wp-json\/wp\/v2\/categories?post=118626"},{"taxonomy":"post_tag","embeddable":true,"href":"https:\/\/migracao.redenoticia.com.br\/noticia\/wp-json\/wp\/v2\/tags?post=118626"}],"curies":[{"name":"wp","href":"https:\/\/api.w.org\/{rel}","templated":true}]}}