{"id":118711,"date":"2017-08-10T00:04:47","date_gmt":"2017-08-10T03:04:47","guid":{"rendered":"https:\/\/www.redenoticia.com.br\/noticia\/?p=118711"},"modified":"2017-08-09T18:20:12","modified_gmt":"2017-08-09T21:20:12","slug":"feira-usp-e-as-profissoes","status":"publish","type":"post","link":"https:\/\/migracao.redenoticia.com.br\/noticia\/2017\/feira-usp-e-as-profissoes\/118711","title":{"rendered":"Feira USP e as Profiss\u00f5es"},"content":{"rendered":"<p> Ag\u00eancia FAPESP\u00a0\u2013 A 11\u00aa <strong><em>Feira USP e as Profiss\u00f5es<\/em><\/strong> na cidade de S\u00e3o Paulo ser\u00e1 realizada entre 24 e 26 de agosto de 2017 no Parque de Ci\u00eancia e Tecnologia da USP, das 9h \u00e0s 15h. A feira \u00e9 gratuita e voltada a alunos do ensino m\u00e9dio e pr\u00e9-vestibulandos. Os grupos de estudantes visitantes recebem esclarecimentos de equipes de professores da USP, monitores (alunos de gradua\u00e7\u00e3o e p\u00f3s-gradua\u00e7\u00e3o) e funcion\u00e1rios sobre as unidades de ensino e suas infraestruturas, os cursos oferecidos, o vestibular, a forma\u00e7\u00e3o acad\u00eamica, as grades de disciplinas, os conte\u00fados program\u00e1ticos e as especializa\u00e7\u00f5es. O objetivo \u00e9 ajudar os jovens estudantes na tarefa de escolher uma profiss\u00e3o<\/p>\n<p>As visitas podem ser feitas individualmente ou em grupo. Os interessados podem se inscrever pelo\u00a0. O endere\u00e7o do Parque de Ci\u00eancia e Tecnologia \u00e9 av. Miguel Est\u00e9fano, 4.200, Vila \u00c1gua Funda, S\u00e3o Paulo.<\/p>\n<p>Edi\u00e7\u00e3o no interior<\/p>\n<p>A Feira de Profiss\u00f5es da USP \u00e9 uma iniciativa da Pr\u00f3-Reitoria de Cultura e Extens\u00e3o Universit\u00e1ria da USP e conta com duas edi\u00e7\u00f5es anuais, sendo uma na capital e outra em um campus do interior.<\/p>\n<p>Este ano a edi\u00e7\u00e3o no interior ocorreu em S\u00e3o Carlos, nos dias 22 e 23 de junho. Em dois dias, o local do evento recebeu a visita de 17,5 mil jovens. \u201cO alcance do evento tamb\u00e9m ultrapassa o Estado de S\u00e3o Paulo. Houve grupos inscritos oriundos de Bras\u00edlia e dos estados do Paran\u00e1, Minas Gerais e Rio de Janeiro, perfazendo um total de 128 cidades\u201d, disse o coordenador do evento, professor Eduardo Nobuhiro Asada, da Escola de Engenharia de S\u00e3o Carlos (EESC) da USP.<\/p>\n<p>Al\u00e9m de oferecer orienta\u00e7\u00e3o sobre os cursos, a Feira contou com atividades como orienta\u00e7\u00e3o profissional, palestras, apresenta\u00e7\u00f5es art\u00edsticas e culturais e a exibi\u00e7\u00e3o de projetos de grupos extracurriculares. Na tenda cultural montada em frente ao centro de conven\u00e7\u00f5es, os estudantes puderam se divertir e aprender com shows de f\u00edsica e de qu\u00edmica.<\/p>\n<p>Mais informa\u00e7\u00f5es:\u00a0\u00a0e.<\/p>\n","protected":false},"excerpt":{"rendered":"<p>Ag\u00eancia FAPESP\u00a0\u2013 A 11\u00aa Feira USP e as Profiss\u00f5es na cidade de S\u00e3o Paulo ser\u00e1 realizada entre 24 e 26 de agosto de 2017 no Parque de Ci\u00eancia e Tecnologia da USP, das 9h \u00e0s 15h. A feira \u00e9 gratuita e voltada a alunos do ensino m\u00e9dio e pr\u00e9-vestibulandos. Os grupos de estudantes visitantes recebem [&hellip;]<\/p>\n","protected":false},"author":2,"featured_media":28951,"comment_status":"open","ping_status":"closed","sticky":false,"template":"","format":"standard","meta":{"tdm_status":"","tdm_grid_status":"","footnotes":""},"categories":[22,370,295],"tags":[],"class_list":{"0":"post-118711","1":"post","2":"type-post","3":"status-publish","4":"format-standard","5":"has-post-thumbnail","7":"category-brasil","8":"category-inscricao","9":"category-vestibular"},"_links":{"self":[{"href":"https:\/\/migracao.redenoticia.com.br\/noticia\/wp-json\/wp\/v2\/posts\/118711","targetHints":{"allow":["GET"]}}],"collection":[{"href":"https:\/\/migracao.redenoticia.com.br\/noticia\/wp-json\/wp\/v2\/posts"}],"about":[{"href":"https:\/\/migracao.redenoticia.com.br\/noticia\/wp-json\/wp\/v2\/types\/post"}],"author":[{"embeddable":true,"href":"https:\/\/migracao.redenoticia.com.br\/noticia\/wp-json\/wp\/v2\/users\/2"}],"replies":[{"embeddable":true,"href":"https:\/\/migracao.redenoticia.com.br\/noticia\/wp-json\/wp\/v2\/comments?post=118711"}],"version-history":[{"count":0,"href":"https:\/\/migracao.redenoticia.com.br\/noticia\/wp-json\/wp\/v2\/posts\/118711\/revisions"}],"wp:featuredmedia":[{"embeddable":true,"href":"https:\/\/migracao.redenoticia.com.br\/noticia\/wp-json\/wp\/v2\/media\/28951"}],"wp:attachment":[{"href":"https:\/\/migracao.redenoticia.com.br\/noticia\/wp-json\/wp\/v2\/media?parent=118711"}],"wp:term":[{"taxonomy":"category","embeddable":true,"href":"https:\/\/migracao.redenoticia.com.br\/noticia\/wp-json\/wp\/v2\/categories?post=118711"},{"taxonomy":"post_tag","embeddable":true,"href":"https:\/\/migracao.redenoticia.com.br\/noticia\/wp-json\/wp\/v2\/tags?post=118711"}],"curies":[{"name":"wp","href":"https:\/\/api.w.org\/{rel}","templated":true}]}}