{"id":118746,"date":"2017-08-10T00:05:38","date_gmt":"2017-08-10T03:05:38","guid":{"rendered":"https:\/\/www.redenoticia.com.br\/noticia\/?p=118746"},"modified":"2017-08-09T18:21:03","modified_gmt":"2017-08-09T21:21:03","slug":"pos-graduacao-em-engenharia-de-producao-da-ufscar-abre-inscricoes","status":"publish","type":"post","link":"https:\/\/migracao.redenoticia.com.br\/noticia\/2017\/pos-graduacao-em-engenharia-de-producao-da-ufscar-abre-inscricoes\/118746","title":{"rendered":"P\u00f3s-gradua\u00e7\u00e3o em Engenharia de Produ\u00e7\u00e3o da UFSCar abre inscri\u00e7\u00f5es"},"content":{"rendered":"<p> Ag\u00eancia FAPESP\u00a0\u2013 Est\u00e3o abertas at\u00e9 o dia 1\u00ba de setembro de 2017 as inscri\u00e7\u00f5es para o Processo Seletivo 2018 para Mestrado e Doutorado no Programa de <strong><em>P\u00f3s-gradua\u00e7\u00e3o em Engenharia de Produ\u00e7\u00e3o<\/em><\/strong> (PPGEP) da Universidade Federal de S\u00e3o Carlos (UFSCar). O Programa se concentra na \u00e1rea de Gest\u00e3o da Produ\u00e7\u00e3o, a qual compreende seis linhas de pesquisa: Gest\u00e3o de Sistemas Agroindustriais; Institui\u00e7\u00f5es, Organiza\u00e7\u00f5es e Trabalho; Gest\u00e3o da Qualidade; Gest\u00e3o da Tecnologia e da Inova\u00e7\u00e3o; Planejamento e Controle de Sistemas Produtivos; e Trabalho, Tecnologia e Organiza\u00e7\u00e3o.<\/p>\n<p>Est\u00e3o dispon\u00edveis no total 70 vagas. O processo seletivo consiste na realiza\u00e7\u00e3o de tr\u00eas etapas: duas provas escritas (prova de Gest\u00e3o da Produ\u00e7\u00e3o e prova de conhecimento espec\u00edfico), defesa oral do projeto e avalia\u00e7\u00e3o curricular.<\/p>\n<p>Os interessados devem preencher\u00a0\u00a0e devem entreg\u00e1-la na secretaria do PPGEP da UFSCar, que fica na rodovia Washington Lu\u00eds, km 235, S\u00e3o Carlos, SP. A ficha de inscri\u00e7\u00e3o deve ser entregue junto com: hist\u00f3rico escolar de gradua\u00e7\u00e3o (para os candidatos ao Mestrado) ou hist\u00f3rico escolar de Mestrado (para os candidatos ao Doutorado); curriculum vitae; projeto de pesquisa com a proposta inicial de projeto de disserta\u00e7\u00e3o ou tese, com o m\u00e1ximo de 10 p\u00e1ginas; c\u00f3pia autenticada de CPF, RG, certid\u00e3o de nascimento ou de casamento; diploma ou certificado de conclus\u00e3o de curso de n\u00edvel superior para os candidatos ao Mestrado e diploma ou certificado de conclus\u00e3o do curso de Mestrado para os candidatos ao Doutorado.<\/p>\n<p>Mais informa\u00e7\u00f5es sobre as vagas e o processo seletivo no\u00a0\u00a0ou pelo\u00a0.<\/p>\n","protected":false},"excerpt":{"rendered":"<p>Ag\u00eancia FAPESP\u00a0\u2013 Est\u00e3o abertas at\u00e9 o dia 1\u00ba de setembro de 2017 as inscri\u00e7\u00f5es para o Processo Seletivo 2018 para Mestrado e Doutorado no Programa de P\u00f3s-gradua\u00e7\u00e3o em Engenharia de Produ\u00e7\u00e3o (PPGEP) da Universidade Federal de S\u00e3o Carlos (UFSCar). O Programa se concentra na \u00e1rea de Gest\u00e3o da Produ\u00e7\u00e3o, a qual compreende seis linhas de [&hellip;]<\/p>\n","protected":false},"author":2,"featured_media":36246,"comment_status":"open","ping_status":"closed","sticky":false,"template":"","format":"standard","meta":{"tdm_status":"","tdm_grid_status":"","footnotes":""},"categories":[22,351,370],"tags":[],"class_list":{"0":"post-118746","1":"post","2":"type-post","3":"status-publish","4":"format-standard","5":"has-post-thumbnail","7":"category-brasil","8":"category-cursos","9":"category-inscricao"},"_links":{"self":[{"href":"https:\/\/migracao.redenoticia.com.br\/noticia\/wp-json\/wp\/v2\/posts\/118746","targetHints":{"allow":["GET"]}}],"collection":[{"href":"https:\/\/migracao.redenoticia.com.br\/noticia\/wp-json\/wp\/v2\/posts"}],"about":[{"href":"https:\/\/migracao.redenoticia.com.br\/noticia\/wp-json\/wp\/v2\/types\/post"}],"author":[{"embeddable":true,"href":"https:\/\/migracao.redenoticia.com.br\/noticia\/wp-json\/wp\/v2\/users\/2"}],"replies":[{"embeddable":true,"href":"https:\/\/migracao.redenoticia.com.br\/noticia\/wp-json\/wp\/v2\/comments?post=118746"}],"version-history":[{"count":0,"href":"https:\/\/migracao.redenoticia.com.br\/noticia\/wp-json\/wp\/v2\/posts\/118746\/revisions"}],"wp:featuredmedia":[{"embeddable":true,"href":"https:\/\/migracao.redenoticia.com.br\/noticia\/wp-json\/wp\/v2\/media\/36246"}],"wp:attachment":[{"href":"https:\/\/migracao.redenoticia.com.br\/noticia\/wp-json\/wp\/v2\/media?parent=118746"}],"wp:term":[{"taxonomy":"category","embeddable":true,"href":"https:\/\/migracao.redenoticia.com.br\/noticia\/wp-json\/wp\/v2\/categories?post=118746"},{"taxonomy":"post_tag","embeddable":true,"href":"https:\/\/migracao.redenoticia.com.br\/noticia\/wp-json\/wp\/v2\/tags?post=118746"}],"curies":[{"name":"wp","href":"https:\/\/api.w.org\/{rel}","templated":true}]}}