{"id":119168,"date":"2017-08-17T00:04:42","date_gmt":"2017-08-17T03:04:42","guid":{"rendered":"https:\/\/www.redenoticia.com.br\/noticia\/?p=119168"},"modified":"2017-08-16T16:27:32","modified_gmt":"2017-08-16T19:27:32","slug":"icmc-usp-recebe-inscricoes-para-pos-graduacao-em-matematica","status":"publish","type":"post","link":"https:\/\/migracao.redenoticia.com.br\/noticia\/2017\/icmc-usp-recebe-inscricoes-para-pos-graduacao-em-matematica\/119168","title":{"rendered":"ICMC-USP recebe inscri\u00e7\u00f5es para p\u00f3s-gradua\u00e7\u00e3o em Matem\u00e1tica"},"content":{"rendered":"<p> Ag\u00eancia FAPESP\u00a0\u2013 Est\u00e3o abertas as inscri\u00e7\u00f5es para os cursos de Mestrado e Doutorado no Programa de <strong><em>P\u00f3s-Gradua\u00e7\u00e3o em Matem\u00e1tica<\/em><\/strong> (PPG-Mat) do Instituto de Ci\u00eancias Matem\u00e1ticas e de Computa\u00e7\u00e3o (ICMC) da USP, em S\u00e3o Carlos. Os alunos podem escolher entre tr\u00eas linhas de pesquisa: \u00c1lgebra; An\u00e1lise; Geometria e Topologia.<\/p>\n<p>Para se inscrever no Mestrado, os candidatos devem acessar o\u00a0at\u00e9 26 de setembro de 2017, enquanto no Doutorado o prazo \u00e9 at\u00e9 23 de outubro de 2017, pelo mesmo\u00a0link. Ambos ter\u00e3o in\u00edcio em mar\u00e7o de 2018. O programa tamb\u00e9m oferece doutorado direto, em que as inscri\u00e7\u00f5es s\u00e3o em fluxo cont\u00ednuo, ou seja, podem ser realizadas durante todo o ano.<\/p>\n<p>O programa oferece 20 vagas para o Mestrado e 20 para o Doutorado. Os processos seletivos avaliam diversos crit\u00e9rios, como forma\u00e7\u00e3o acad\u00eamica, curr\u00edculo e o desempenho no\u00a0\u00a0ou\u00a0.<\/p>\n<p>Para a inscri\u00e7\u00e3o on-line, s\u00e3o necess\u00e1rios os seguintes documentos: foto 3&#215;4, hist\u00f3rico escolar de gradua\u00e7\u00e3o em formato PDF,\u00a0linkdo curr\u00edculo Lattes e, para os candidatos \u00e0s vagas para Doutorado, hist\u00f3rico escolar de Mestrado e exemplar da disserta\u00e7\u00e3o de Mestrado, ambos em formato PDF.<\/p>\n<p>Mais informa\u00e7\u00f5es:\u00a0.<\/p>\n","protected":false},"excerpt":{"rendered":"<p>Ag\u00eancia FAPESP\u00a0\u2013 Est\u00e3o abertas as inscri\u00e7\u00f5es para os cursos de Mestrado e Doutorado no Programa de P\u00f3s-Gradua\u00e7\u00e3o em Matem\u00e1tica (PPG-Mat) do Instituto de Ci\u00eancias Matem\u00e1ticas e de Computa\u00e7\u00e3o (ICMC) da USP, em S\u00e3o Carlos. Os alunos podem escolher entre tr\u00eas linhas de pesquisa: \u00c1lgebra; An\u00e1lise; Geometria e Topologia. Para se inscrever no Mestrado, os candidatos [&hellip;]<\/p>\n","protected":false},"author":2,"featured_media":57576,"comment_status":"open","ping_status":"closed","sticky":false,"template":"","format":"standard","meta":{"tdm_status":"","tdm_grid_status":"","footnotes":""},"categories":[22,351,370],"tags":[],"class_list":{"0":"post-119168","1":"post","2":"type-post","3":"status-publish","4":"format-standard","5":"has-post-thumbnail","7":"category-brasil","8":"category-cursos","9":"category-inscricao"},"_links":{"self":[{"href":"https:\/\/migracao.redenoticia.com.br\/noticia\/wp-json\/wp\/v2\/posts\/119168","targetHints":{"allow":["GET"]}}],"collection":[{"href":"https:\/\/migracao.redenoticia.com.br\/noticia\/wp-json\/wp\/v2\/posts"}],"about":[{"href":"https:\/\/migracao.redenoticia.com.br\/noticia\/wp-json\/wp\/v2\/types\/post"}],"author":[{"embeddable":true,"href":"https:\/\/migracao.redenoticia.com.br\/noticia\/wp-json\/wp\/v2\/users\/2"}],"replies":[{"embeddable":true,"href":"https:\/\/migracao.redenoticia.com.br\/noticia\/wp-json\/wp\/v2\/comments?post=119168"}],"version-history":[{"count":0,"href":"https:\/\/migracao.redenoticia.com.br\/noticia\/wp-json\/wp\/v2\/posts\/119168\/revisions"}],"wp:featuredmedia":[{"embeddable":true,"href":"https:\/\/migracao.redenoticia.com.br\/noticia\/wp-json\/wp\/v2\/media\/57576"}],"wp:attachment":[{"href":"https:\/\/migracao.redenoticia.com.br\/noticia\/wp-json\/wp\/v2\/media?parent=119168"}],"wp:term":[{"taxonomy":"category","embeddable":true,"href":"https:\/\/migracao.redenoticia.com.br\/noticia\/wp-json\/wp\/v2\/categories?post=119168"},{"taxonomy":"post_tag","embeddable":true,"href":"https:\/\/migracao.redenoticia.com.br\/noticia\/wp-json\/wp\/v2\/tags?post=119168"}],"curies":[{"name":"wp","href":"https:\/\/api.w.org\/{rel}","templated":true}]}}