{"id":119173,"date":"2017-08-17T00:05:39","date_gmt":"2017-08-17T03:05:39","guid":{"rendered":"https:\/\/www.redenoticia.com.br\/noticia\/?p=119173"},"modified":"2017-08-16T16:28:37","modified_gmt":"2017-08-16T19:28:37","slug":"premio-peter-muranyi-oferece-r-200-mil-para-trabalhos-inovadores-em-saude","status":"publish","type":"post","link":"https:\/\/migracao.redenoticia.com.br\/noticia\/2017\/premio-peter-muranyi-oferece-r-200-mil-para-trabalhos-inovadores-em-saude\/119173","title":{"rendered":"Pr\u00eamio P\u00e9ter Mur\u00e1nyi oferece R$ 200 mil para trabalhos inovadores em sa\u00fade"},"content":{"rendered":"<p> Ag\u00eancia FAPESP\u00a0\u2013 A Funda\u00e7\u00e3o P\u00e9ter Mur\u00e1nyi recebe, at\u00e9 o dia 30 de setembro de 2017, trabalhos na \u00e1rea de Sa\u00fade para concorrer \u00e0 17\u00aa edi\u00e7\u00e3o do <strong><em>Pr\u00eamio P\u00e9ter Mur\u00e1nyi<\/em><\/strong>. O vencedor receber\u00e1 um pr\u00eamio de R$ 200 mil e um trof\u00e9u. O segundo e terceiro colocados ganhar\u00e3o R$ 30 mil e R$ 20 mil, respectivamente. Os finalistas ser\u00e3o divulgados em fevereiro de 2018.<\/p>\n<p>Criada em 2002, a premia\u00e7\u00e3o tem como objetivo reconhecer projetos que apresentem aplica\u00e7\u00e3o pr\u00e1tica, que sejam inovadores e apresentem resultados relevantes para a melhoria da qualidade de vida de popula\u00e7\u00f5es de pa\u00edses em desenvolvimento.<\/p>\n<p>Para participar, os trabalhos dever\u00e3o ser indicados por uma institui\u00e7\u00e3o ligada \u00e0 \u00e1rea de sa\u00fade e que fa\u00e7a parte do Col\u00e9gio Indicador, que \u00e9 o conjunto das institui\u00e7\u00f5es ligadas \u00e0 \u00e1rea de premia\u00e7\u00e3o de cada ano. Essas institui\u00e7\u00f5es participam ativamente na escolha e avalia\u00e7\u00e3o pr\u00e9via dos trabalhos que ser\u00e3o indicados para concorrer ao pr\u00eamio.<\/p>\n<p>O Pr\u00eamio P\u00e9ter Mur\u00e1nyi \u00e9 realizado anualmente, alternando os temas \u201cSa\u00fade\u201d, Ci\u00eancia &amp; Tecnologia\u201d, \u201cAlimenta\u00e7\u00e3o\u201d e \u201cEduca\u00e7\u00e3o\u201d, e conta com o apoio da FAPESP, da Capes, do CNPq, da Academia Brasileira de Ci\u00eancias, da Academia de Ci\u00eancias do Estado de S\u00e3o Paulo, da Associa\u00e7\u00e3o Nacional de Pesquisa e Desenvolvimento das Empresas Inovadoras, da Associa\u00e7\u00e3o dos C\u00f4nsules no Brasil, do Centro de Integra\u00e7\u00e3o Empresa-Escola e da Sociedade Brasileira para o Progresso da Ci\u00eancia.<\/p>\n<p>O edital e o formul\u00e1rio de participa\u00e7\u00e3o do pr\u00eamio est\u00e3o dispon\u00edveis no\u00a0.<\/p>\n<p>Mais informa\u00e7\u00f5es pelo telefone (11) 3873-2887 ou pelo e-mail\u00a0sec@fundacaopetermuranyi.org.br.<\/p>\n","protected":false},"excerpt":{"rendered":"<p>Ag\u00eancia FAPESP\u00a0\u2013 A Funda\u00e7\u00e3o P\u00e9ter Mur\u00e1nyi recebe, at\u00e9 o dia 30 de setembro de 2017, trabalhos na \u00e1rea de Sa\u00fade para concorrer \u00e0 17\u00aa edi\u00e7\u00e3o do Pr\u00eamio P\u00e9ter Mur\u00e1nyi. O vencedor receber\u00e1 um pr\u00eamio de R$ 200 mil e um trof\u00e9u. O segundo e terceiro colocados ganhar\u00e3o R$ 30 mil e R$ 20 mil, respectivamente. [&hellip;]<\/p>\n","protected":false},"author":2,"featured_media":57579,"comment_status":"open","ping_status":"closed","sticky":false,"template":"","format":"standard","meta":{"tdm_status":"","tdm_grid_status":"","footnotes":""},"categories":[22,370,353],"tags":[],"class_list":{"0":"post-119173","1":"post","2":"type-post","3":"status-publish","4":"format-standard","5":"has-post-thumbnail","7":"category-brasil","8":"category-inscricao","9":"category-oportunidades"},"_links":{"self":[{"href":"https:\/\/migracao.redenoticia.com.br\/noticia\/wp-json\/wp\/v2\/posts\/119173","targetHints":{"allow":["GET"]}}],"collection":[{"href":"https:\/\/migracao.redenoticia.com.br\/noticia\/wp-json\/wp\/v2\/posts"}],"about":[{"href":"https:\/\/migracao.redenoticia.com.br\/noticia\/wp-json\/wp\/v2\/types\/post"}],"author":[{"embeddable":true,"href":"https:\/\/migracao.redenoticia.com.br\/noticia\/wp-json\/wp\/v2\/users\/2"}],"replies":[{"embeddable":true,"href":"https:\/\/migracao.redenoticia.com.br\/noticia\/wp-json\/wp\/v2\/comments?post=119173"}],"version-history":[{"count":0,"href":"https:\/\/migracao.redenoticia.com.br\/noticia\/wp-json\/wp\/v2\/posts\/119173\/revisions"}],"wp:featuredmedia":[{"embeddable":true,"href":"https:\/\/migracao.redenoticia.com.br\/noticia\/wp-json\/wp\/v2\/media\/57579"}],"wp:attachment":[{"href":"https:\/\/migracao.redenoticia.com.br\/noticia\/wp-json\/wp\/v2\/media?parent=119173"}],"wp:term":[{"taxonomy":"category","embeddable":true,"href":"https:\/\/migracao.redenoticia.com.br\/noticia\/wp-json\/wp\/v2\/categories?post=119173"},{"taxonomy":"post_tag","embeddable":true,"href":"https:\/\/migracao.redenoticia.com.br\/noticia\/wp-json\/wp\/v2\/tags?post=119173"}],"curies":[{"name":"wp","href":"https:\/\/api.w.org\/{rel}","templated":true}]}}