{"id":119258,"date":"2017-08-18T00:04:35","date_gmt":"2017-08-18T03:04:35","guid":{"rendered":"https:\/\/www.redenoticia.com.br\/noticia\/?p=119258"},"modified":"2017-08-17T16:00:02","modified_gmt":"2017-08-17T19:00:02","slug":"pos-graduandos-do-centrinho-darao-cursos-gratuitos-para-instituicoes-publicas","status":"publish","type":"post","link":"https:\/\/migracao.redenoticia.com.br\/noticia\/2017\/pos-graduandos-do-centrinho-darao-cursos-gratuitos-para-instituicoes-publicas\/119258","title":{"rendered":"P\u00f3s-graduandos do Centrinho dar\u00e3o cursos gratuitos para institui\u00e7\u00f5es p\u00fablicas"},"content":{"rendered":"<p> Ag\u00eancia FAPESP\u00a0\u2013 Institui\u00e7\u00f5es p\u00fablicas ou privadas ter\u00e3o a oportunidade de receber gratuitamente palestras, cursos, oficinas, entre outros eventos cient\u00edficos, ministrados pelos alunos de p\u00f3s-gradua\u00e7\u00e3o do Hospital de Reabilita\u00e7\u00e3o de Anomalias Craniofaciais (HRAC\/Centrinho) da Universidade de S\u00e3o Paulo (USP). A iniciativa \u00e9 fruto do <strong><em>projeto Ensinar para Aprender<\/em><\/strong>. \u201cA ideia \u00e9 levar nossos associados para fora das salas de aulas e laborat\u00f3rios do hospital para que possam experimentar atividades da carreira docente. Al\u00e9m disso, a comunidade interessada poder\u00e1 ter acesso ao conhecimento gerado em nosso Programa de P\u00f3s-Gradua\u00e7\u00e3o e \u00e0s pesquisas em andamento\u201d, explica Maria Nat\u00e1lia Leite de Medeiros, doutoranda do HRAC e presidente da Associa\u00e7\u00e3o dos Alunos de P\u00f3s-Gradua\u00e7\u00e3o (APG).<\/p>\n<p>As aulas s\u00e3o voltadas, principalmente, para as institui\u00e7\u00f5es p\u00fablicas e privadas de ensino superior do munic\u00edpio de Bauru e regi\u00e3o. No entanto, o projeto foi enviado tamb\u00e9m a algumas escolas de ensino m\u00e9dio e \u00e0 Secretaria de Educa\u00e7\u00e3o de Bauru.<\/p>\n<p>Por ter car\u00e1ter interdisciplinar, os alunos de mestrado e doutorado do HRAC s\u00e3o profissionais que atuam em diversas \u00e1reas, como biologia, enfermagem, fisioterapia, fonoaudiologia, medicina, odontologia, psicologia, entre outras, e realizam pesquisas na \u00e1rea de concentra\u00e7\u00e3o Fissuras Orofaciais e Anomalias Relacionadas.<\/p>\n<p>A diretoria da APG receber\u00e1 sugest\u00f5es de temas e mediar\u00e1 o processo de recebimento dos convites e propostas das institui\u00e7\u00f5es interessadas. A APG tamb\u00e9m far\u00e1 a sele\u00e7\u00e3o dos alunos ministrantes, conforme os temas solicitados e a disponibilidade dos alunos. Os p\u00f3s-graduandos ir\u00e3o ministrar temas relacionados ao trabalho que t\u00eam desenvolvido no HRAC. Dessa maneira, o conte\u00fado ser\u00e1 de responsabilidade dos ministrantes.<\/p>\n<p>As institui\u00e7\u00f5es interessadas em receber esses eventos devem apenas enviar e-mail para\u00a0diretoria.apg.hrac.usp@gmail.com, com as propostas de temas, datas e local, bem como formato de evento de interesse. As aulas podem ocorrer durante todo o ano.<\/p>\n<p>A APG \u00e9 um \u00f3rg\u00e3o representativo dos alunos de p\u00f3s-gradua\u00e7\u00e3o do HRAC, criada em junho de 2009. Seu principal objetivo \u00e9 contribuir para a forma\u00e7\u00e3o did\u00e1tico-acad\u00eamica de seus associados, al\u00e9m de disseminar conhecimento cient\u00edfico \u00e0 comunidade em geral.<\/p>\n<p>Mais informa\u00e7\u00f5es:\u00a0.<\/p>\n","protected":false},"excerpt":{"rendered":"<p>Ag\u00eancia FAPESP\u00a0\u2013 Institui\u00e7\u00f5es p\u00fablicas ou privadas ter\u00e3o a oportunidade de receber gratuitamente palestras, cursos, oficinas, entre outros eventos cient\u00edficos, ministrados pelos alunos de p\u00f3s-gradua\u00e7\u00e3o do Hospital de Reabilita\u00e7\u00e3o de Anomalias Craniofaciais (HRAC\/Centrinho) da Universidade de S\u00e3o Paulo (USP). A iniciativa \u00e9 fruto do projeto Ensinar para Aprender. \u201cA ideia \u00e9 levar nossos associados para fora [&hellip;]<\/p>\n","protected":false},"author":2,"featured_media":36246,"comment_status":"open","ping_status":"closed","sticky":false,"template":"","format":"standard","meta":{"tdm_status":"","tdm_grid_status":"","footnotes":""},"categories":[22,351,370],"tags":[],"class_list":{"0":"post-119258","1":"post","2":"type-post","3":"status-publish","4":"format-standard","5":"has-post-thumbnail","7":"category-brasil","8":"category-cursos","9":"category-inscricao"},"_links":{"self":[{"href":"https:\/\/migracao.redenoticia.com.br\/noticia\/wp-json\/wp\/v2\/posts\/119258","targetHints":{"allow":["GET"]}}],"collection":[{"href":"https:\/\/migracao.redenoticia.com.br\/noticia\/wp-json\/wp\/v2\/posts"}],"about":[{"href":"https:\/\/migracao.redenoticia.com.br\/noticia\/wp-json\/wp\/v2\/types\/post"}],"author":[{"embeddable":true,"href":"https:\/\/migracao.redenoticia.com.br\/noticia\/wp-json\/wp\/v2\/users\/2"}],"replies":[{"embeddable":true,"href":"https:\/\/migracao.redenoticia.com.br\/noticia\/wp-json\/wp\/v2\/comments?post=119258"}],"version-history":[{"count":0,"href":"https:\/\/migracao.redenoticia.com.br\/noticia\/wp-json\/wp\/v2\/posts\/119258\/revisions"}],"wp:featuredmedia":[{"embeddable":true,"href":"https:\/\/migracao.redenoticia.com.br\/noticia\/wp-json\/wp\/v2\/media\/36246"}],"wp:attachment":[{"href":"https:\/\/migracao.redenoticia.com.br\/noticia\/wp-json\/wp\/v2\/media?parent=119258"}],"wp:term":[{"taxonomy":"category","embeddable":true,"href":"https:\/\/migracao.redenoticia.com.br\/noticia\/wp-json\/wp\/v2\/categories?post=119258"},{"taxonomy":"post_tag","embeddable":true,"href":"https:\/\/migracao.redenoticia.com.br\/noticia\/wp-json\/wp\/v2\/tags?post=119258"}],"curies":[{"name":"wp","href":"https:\/\/api.w.org\/{rel}","templated":true}]}}