{"id":119279,"date":"2017-08-18T00:07:30","date_gmt":"2017-08-18T03:07:30","guid":{"rendered":"https:\/\/www.redenoticia.com.br\/noticia\/?p=119279"},"modified":"2017-08-17T16:06:10","modified_gmt":"2017-08-17T19:06:10","slug":"confira-dicas-para-utilizar-as-plantas-medicinais-de-maneira-segura","status":"publish","type":"post","link":"https:\/\/migracao.redenoticia.com.br\/noticia\/2017\/confira-dicas-para-utilizar-as-plantas-medicinais-de-maneira-segura\/119279","title":{"rendered":"Confira dicas para utilizar as plantas medicinais de maneira segura"},"content":{"rendered":"<p> Os <strong><em>medicamentos desenvolvidos a partir de plantas<\/em><\/strong> mostram o enorme poder da natureza para curar doen\u00e7as. Para divulgar alguns m\u00e9todos, a Secretaria de Agricultura e Abastecimento do Estado de S\u00e3o Paulo ensina a forma segura para o uso de plantas medicinais. Mas, vale salientar que mesmo com os rem\u00e9dios caseiros, a avalia\u00e7\u00e3o m\u00e9dica \u00e9 imprescind\u00edvel.<\/p>\n<p>A pesquisadora Sandra Maria Pereira da Silva, da Apta, explica que a fitoterapia tende a ser segura e eficiente. \u201cTodo mundo deveria conhecer estas plantas e utiliz\u00e1-las com os devidos cuidados. \u00c9 preciso avaliar se a planta \u00e9 fresca e de fonte segura com a devida identifica\u00e7\u00e3o bot\u00e2nica, ter aten\u00e7\u00e3o na coleta e manipula\u00e7\u00e3o, bem como evitar exageros e o uso prolongado\u201d, disse.<\/p>\n<p>Al\u00e9m dos cuidados, \u00e9 recomend\u00e1vel a procura por um profissional de sa\u00fade para prescrever as receitas das plantas medicinais. Pois as subst\u00e2ncias n\u00e3o deixam de ser rem\u00e9dios.<\/p>\n<p>Abaixo as informa\u00e7\u00f5es fazem parte da publica\u00e7\u00e3o \u201cConstruindo o Programa de Plantas Medicinais e Fitoter\u00e1picos do Munic\u00edpio de Pindamonhangaba-SP\u201d, da secretaria. Trabalho esse que \u00e9 baseado em informa\u00e7\u00f5es do \u201cFormul\u00e1rio de Fitoter\u00e1picos \u2013 Farmacopeia Brasileira\u201d, da Ag\u00eancia Nacional de Vigil\u00e2ncia Sanit\u00e1ria (Anvisa).<\/p>\n<p>Veja algumas plantas que podem ser utilizadas em casa para solucionar dores e problemas de sa\u00fade comuns no dia-a-dia.<\/p>\n<p>Planta: Babosa (Aloe vera)<\/p>\n<p>Para que serve?<\/p>\n<p>\u2013 Cicatrizante no tratamento de queimaduras<\/p>\n<p>\u2013 Les\u00f5es e afec\u00e7\u00f5es de pele<\/p>\n<p>\u2013 Queda de cabelo e seborreia<\/p>\n<p>\u2013 Picada de inseto<\/p>\n<p>\u2013 Acne<\/p>\n<p>\u2013 Machucados e feridas<\/p>\n<p>Como utilizar?<\/p>\n<p>Uso externo<\/p>\n<p>Usa-se o sumo fresco, aplicado diretamente, ou com uma parte cortada da pr\u00f3pria folha. Aten\u00e7\u00e3o: antes de ser cortada, a folha deve ser lavada<\/p>\n<p>CONTRAINDICA\u00c7\u00d5ES: N\u00e3o deve ser utilizado internamente em gestantes, lactantes, crian\u00e7as e pessoas com varizes, afec\u00e7\u00f5es renais, apendicites, cistites, prostatites, disenterias e durante a menstrua\u00e7\u00e3o.<\/p>\n<p>&nbsp;<\/p>\n<p>Planta: Tansagem (Plantago major)<\/p>\n<p>Para que serve?<\/p>\n<p>\u2013\u00a0Inflama\u00e7\u00e3o da boca e faringe (estomatites, aftas, gengivite, inflama\u00e7\u00f5es de dente, amigdalite, faringite, sinusite)<\/p>\n<p>\u2013 Infec\u00e7\u00f5es oculares (conjuntivite, ter\u00e7ol)<\/p>\n<p>\u2013 Afec\u00e7\u00f5es de pele (abcessos, feridas, espinhas, acne, fur\u00fanculo, \u00falceras, queimaduras, feridas em mama, assadura e picada de inseto)<\/p>\n<p>\u2013 Aparelho digestivo (acidez estomacal, inflama\u00e7\u00e3o de intestino)<\/p>\n<p>\u2013 Inflama\u00e7\u00f5es de \u00fatero e ov\u00e1rios<\/p>\n<p>Como utilizar?<\/p>\n<p>Fazer um ch\u00e1 em infus\u00e3o com uma colher de sopa de folhas secas trituradas para 500ml de \u00e1gua fervente<\/p>\n<p>Tomar uma x\u00edcara de ch\u00e1 tr\u00eas vezes ao dia<\/p>\n<p>Pode ainda fazer aplica\u00e7\u00e3o no local afetado ou bochechos e gargarejos tr\u00eas vezes ao dia<\/p>\n<p>&nbsp;<\/p>\n<p>Planta: Espinheira Santa (Maytenus ilicifolia)<\/p>\n<p>Para que serve?<\/p>\n<p>\u2013\u00a0Problemas g\u00e1stricos e digestivos<\/p>\n<p>\u2013 Preven\u00e7\u00e3o de \u00falceras<\/p>\n<p>\u2013 Azia<\/p>\n<p>Como utilizar?<\/p>\n<p>Fazer um ch\u00e1 em infus\u00e3o com duas x\u00edcaras (caf\u00e9) de planta seca picada em 1 litro de \u00e1gua fervente<\/p>\n<p>Tomar uma x\u00edcara antes das refei\u00e7\u00f5es<\/p>\n<p>CONTRAINDICA\u00c7\u00d5ES:\u00a0N\u00e3o utilizar em crian\u00e7as menores de 6 anos ou em gr\u00e1vidas at\u00e9 o terceiro m\u00eas de gesta\u00e7\u00e3o, pois promove a redu\u00e7\u00e3o do leite.<\/p>\n<p>&nbsp;<\/p>\n<p>Planta: Boldo baiano (Gymnanthemum amygdalinum)<\/p>\n<p>Para que serve?<\/p>\n<p>\u2013\u00a0Dores<\/p>\n<p>\u2013 Dist\u00farbios do f\u00edgado e est\u00f4mago<\/p>\n<p>\u2013 Insufici\u00eancia hep\u00e1tica<\/p>\n<p>\u2013 Supress\u00e3o de gases intestinais<\/p>\n<p>Como utilizar?<\/p>\n<p>Fazer um ch\u00e1 em infus\u00e3o com uma colher de sopa em 150ml de \u00e1gua fervente;<\/p>\n<p>Utilizar uma x\u00edcara de ch\u00e1 tr\u00eas vezes por dia, antes das principais refei\u00e7\u00f5es.<\/p>\n<p>Do Portal do Governo SP<\/p>\n","protected":false},"excerpt":{"rendered":"<p>Os medicamentos desenvolvidos a partir de plantas mostram o enorme poder da natureza para curar doen\u00e7as. Para divulgar alguns m\u00e9todos, a Secretaria de Agricultura e Abastecimento do Estado de S\u00e3o Paulo ensina a forma segura para o uso de plantas medicinais. Mas, vale salientar que mesmo com os rem\u00e9dios caseiros, a avalia\u00e7\u00e3o m\u00e9dica \u00e9 imprescind\u00edvel. [&hellip;]<\/p>\n","protected":false},"author":2,"featured_media":37376,"comment_status":"open","ping_status":"closed","sticky":false,"template":"","format":"standard","meta":{"tdm_status":"","tdm_grid_status":"","footnotes":""},"categories":[22,5],"tags":[],"class_list":{"0":"post-119279","1":"post","2":"type-post","3":"status-publish","4":"format-standard","5":"has-post-thumbnail","7":"category-brasil","8":"category-saude-e-vida"},"_links":{"self":[{"href":"https:\/\/migracao.redenoticia.com.br\/noticia\/wp-json\/wp\/v2\/posts\/119279","targetHints":{"allow":["GET"]}}],"collection":[{"href":"https:\/\/migracao.redenoticia.com.br\/noticia\/wp-json\/wp\/v2\/posts"}],"about":[{"href":"https:\/\/migracao.redenoticia.com.br\/noticia\/wp-json\/wp\/v2\/types\/post"}],"author":[{"embeddable":true,"href":"https:\/\/migracao.redenoticia.com.br\/noticia\/wp-json\/wp\/v2\/users\/2"}],"replies":[{"embeddable":true,"href":"https:\/\/migracao.redenoticia.com.br\/noticia\/wp-json\/wp\/v2\/comments?post=119279"}],"version-history":[{"count":0,"href":"https:\/\/migracao.redenoticia.com.br\/noticia\/wp-json\/wp\/v2\/posts\/119279\/revisions"}],"wp:featuredmedia":[{"embeddable":true,"href":"https:\/\/migracao.redenoticia.com.br\/noticia\/wp-json\/wp\/v2\/media\/37376"}],"wp:attachment":[{"href":"https:\/\/migracao.redenoticia.com.br\/noticia\/wp-json\/wp\/v2\/media?parent=119279"}],"wp:term":[{"taxonomy":"category","embeddable":true,"href":"https:\/\/migracao.redenoticia.com.br\/noticia\/wp-json\/wp\/v2\/categories?post=119279"},{"taxonomy":"post_tag","embeddable":true,"href":"https:\/\/migracao.redenoticia.com.br\/noticia\/wp-json\/wp\/v2\/tags?post=119279"}],"curies":[{"name":"wp","href":"https:\/\/api.w.org\/{rel}","templated":true}]}}