{"id":119363,"date":"2017-08-19T00:07:31","date_gmt":"2017-08-19T03:07:31","guid":{"rendered":"https:\/\/www.redenoticia.com.br\/noticia\/?p=119363"},"modified":"2017-08-18T18:14:34","modified_gmt":"2017-08-18T21:14:34","slug":"resumo-novela-chiquititas-2108-bia-pega-o-pingente-de-mili-escondida","status":"publish","type":"post","link":"https:\/\/migracao.redenoticia.com.br\/noticia\/2017\/resumo-novela-chiquititas-2108-bia-pega-o-pingente-de-mili-escondida\/119363","title":{"rendered":"Resumo novela \u201cChiquititas\u201d 21\/08: Bia pega o pingente de Mili escondida"},"content":{"rendered":"<p><img loading=\"lazy\" decoding=\"async\" class=\"alignleft size-thumbnail wp-image-49690\" src=\"https:\/\/migracao.redenoticia.com.br\/noticia\/imagens\/chiquititas1-150x112.jpg\" alt=\"chiquititas\" width=\"150\" height=\"112\" \/><strong><em>Resumo novela \u201cChiquititas\u201d 21\/08<\/em><\/strong>: no cap\u00edtulo 245(*) da novela \u201cChiquititas\u201d, resumo de segunda-feira, 21 de agosto, os meninos brigam na rua com a turma de Janj\u00e3o. Ao ler o falso testamento, Miguel pensa que sua filha est\u00e1 morta, assim como Gabriela. Miguel diz que desistiu de tudo e sua vida n\u00e3o possui mais sentido. Por\u00e9m, Miguel lembra do pingente e percebe que existe alguma mentira no meio disso tudo. Dani faz birra e diz que n\u00e3o quer ir embora com homem algum e quer ficar com Carol, que acalma a menina. No Caf\u00e9 Boutique, os bombeiros apagam a tempo o fogo. Armando tenta incriminar Beto, mas Maria Cec\u00edlia e Junior culpam Armando por ser o chefe e ter tomado uma atitude completamente equivocada. Na briga, Tatu d\u00e1 uma paulada na cabe\u00e7a de Mosca pelas costas. Janu e Bel v\u00e3o ao orfanato atr\u00e1s de Bia, que as recebe como se fossem amigas. Bia e Mili discutem, pois Bia acha que ningu\u00e9m gosta dela. Os meninos usam a maquiagem de Vivi para tentar disfar\u00e7ar as marcas da briga. Bia pega o pingente de Mili escondida. Maria conta para Miguel que viu o pingente com Bia. Miguel continua acreditando que Bia \u00e9 sua filha e desconfia do testamento dado por Matilde. Bia conta para Janu e Bel que ir\u00e1 ficar um tempo com o pingente para dar um susto em Mili e que depois devolver\u00e1 para ela. Carol faz os meninos tirarem as roupas de hip-hop e percebe que todos est\u00e3o com machucados e roxos. Rafa explica que brigaram com os vizinhos. Carol e Chico dizem que viol\u00eancia n\u00e3o leva a nada e que n\u00e3o quer mais que eles se aproximem deles. Rafa e Bel conversam no orfanato. Rafa apresenta a mascote Pipoca para a menina. Rafa diz sozinho para Pipoca que acha Bel bonita.<\/p>\n<p>(*) edi\u00e7\u00e3o do SBT, Novela \u201cChiquititas\u201d, sujeito a altera\u00e7\u00e3o de data e conte\u00fado.<\/p>\n<p>Chiquititas gira em torno do orfanato Raio de Luz, que carrega em sua hist\u00f3ria um grande segredo envolvendo a fam\u00edlia e o dono do orfanato, Dr. Jos\u00e9 Ricardo Almeida Campos. Em um per\u00edodo anterior \u00e0 novela, exatos treze anos, sua filha Gabriela se apaixonou e ficou gr\u00e1vida de Miguel, filho de Valentina, empregada da casa dos Almeida Campos. Pouco depois, Jos\u00e9 Ricardo sequestrou sua neta, pois, como um homem conservador, ele n\u00e3o aceitava a ideia de que sua filha se envolvesse com um empregado. Como sua neta, Milena, apelidada como Mili, precisava de um lugar para morar, ele comprou um casar\u00e3o e fundou um orfanato, o Raio de Luz. Mili cresceu l\u00e1 com outras garotas que chegaram posteriormente: Bia, Ana, as irm\u00e3s Tati e Vivi, e Cris. Ao decorrer dos anos, elas se tornam uma fam\u00edlia. Elas s\u00e3o supervisionadas por Ernestina, zeladora do orfanato, e Chico, o cozinheiro amado pelas internas. Sofia, ex-governanta da fam\u00edlia Almeida Campos, \u00e9 a diretora do lugar, at\u00e9 que Carmem, irm\u00e3 de Jos\u00e9 Ricardo, entre em seu lugar. Chegam ainda mais \u00f3rf\u00e3os: Pata, Mosca, Binho e Rafa, que viviam nas ruas antes de entrarem na institui\u00e7\u00e3o. Pata e Mili tornam-se amigas rapidamente, enquanto Mosca, Binho e Rafa s\u00e3o os primeiros garotos a entrar no abrigo. As crian\u00e7as sem-teto foram ajudadas por uma doce e bela garota que tocam e mudam a vida delas, assim como as das garotas \u00f3rf\u00e3s.<\/p>\n","protected":false},"excerpt":{"rendered":"<p>Resumo novela \u201cChiquititas\u201d 21\/08: no cap\u00edtulo 245(*) da novela \u201cChiquititas\u201d, resumo de segunda-feira, 21 de agosto, os meninos brigam na rua com a turma de Janj\u00e3o. Ao ler o falso testamento, Miguel pensa que sua filha est\u00e1 morta, assim como Gabriela. Miguel diz que desistiu de tudo e sua vida n\u00e3o possui mais sentido. Por\u00e9m, [&hellip;]<\/p>\n","protected":false},"author":4,"featured_media":49690,"comment_status":"open","ping_status":"closed","sticky":false,"template":"","format":"standard","meta":{"tdm_status":"","tdm_grid_status":"","footnotes":""},"categories":[409,379,372,343],"tags":[441],"class_list":{"0":"post-119363","1":"post","2":"type-post","3":"status-publish","4":"format-standard","5":"has-post-thumbnail","7":"category-chiquititas","8":"category-novelas","9":"category-sbt","10":"category-televisao","11":"tag-resumo-do-dia"},"_links":{"self":[{"href":"https:\/\/migracao.redenoticia.com.br\/noticia\/wp-json\/wp\/v2\/posts\/119363","targetHints":{"allow":["GET"]}}],"collection":[{"href":"https:\/\/migracao.redenoticia.com.br\/noticia\/wp-json\/wp\/v2\/posts"}],"about":[{"href":"https:\/\/migracao.redenoticia.com.br\/noticia\/wp-json\/wp\/v2\/types\/post"}],"author":[{"embeddable":true,"href":"https:\/\/migracao.redenoticia.com.br\/noticia\/wp-json\/wp\/v2\/users\/4"}],"replies":[{"embeddable":true,"href":"https:\/\/migracao.redenoticia.com.br\/noticia\/wp-json\/wp\/v2\/comments?post=119363"}],"version-history":[{"count":0,"href":"https:\/\/migracao.redenoticia.com.br\/noticia\/wp-json\/wp\/v2\/posts\/119363\/revisions"}],"wp:featuredmedia":[{"embeddable":true,"href":"https:\/\/migracao.redenoticia.com.br\/noticia\/wp-json\/wp\/v2\/media\/49690"}],"wp:attachment":[{"href":"https:\/\/migracao.redenoticia.com.br\/noticia\/wp-json\/wp\/v2\/media?parent=119363"}],"wp:term":[{"taxonomy":"category","embeddable":true,"href":"https:\/\/migracao.redenoticia.com.br\/noticia\/wp-json\/wp\/v2\/categories?post=119363"},{"taxonomy":"post_tag","embeddable":true,"href":"https:\/\/migracao.redenoticia.com.br\/noticia\/wp-json\/wp\/v2\/tags?post=119363"}],"curies":[{"name":"wp","href":"https:\/\/api.w.org\/{rel}","templated":true}]}}