{"id":119438,"date":"2017-08-21T16:40:48","date_gmt":"2017-08-21T19:40:48","guid":{"rendered":"https:\/\/www.redenoticia.com.br\/noticia\/?p=119438"},"modified":"2017-08-21T16:06:17","modified_gmt":"2017-08-21T19:06:17","slug":"novela-ribeirao-do-tempo-resumo-2208-filo-diz-que-vai-conquistar-tito","status":"publish","type":"post","link":"https:\/\/migracao.redenoticia.com.br\/noticia\/2017\/novela-ribeirao-do-tempo-resumo-2208-filo-diz-que-vai-conquistar-tito\/119438","title":{"rendered":"Novela \u201cRibeir\u00e3o do Tempo\u201d resumo 22\/08: Fil\u00f3 diz que vai conquistar Tito"},"content":{"rendered":"<p> <img loading=\"lazy\" decoding=\"async\" src=\"https:\/\/migracao.redenoticia.com.br\/noticia\/imagens\/ribeirao_do_tempo_novela_record_resumo-150x112.jpg\" alt=\"\" width=\"150\" height=\"112\" class=\"alignleft size-thumbnail wp-image-108265\" srcset=\"https:\/\/migracao.redenoticia.com.br\/noticia\/imagens\/ribeirao_do_tempo_novela_record_resumo-150x112.jpg 150w, https:\/\/migracao.redenoticia.com.br\/noticia\/imagens\/ribeirao_do_tempo_novela_record_resumo-265x198.jpg 265w\" sizes=\"auto, (max-width: 150px) 100vw, 150px\" \/><strong><em>Novela \u201cRibeir\u00e3o do Tempo\u201d resumo 22\/08<\/em><\/strong>: no capitulo 051 (*) da novela \u201cRibeir\u00e3o do Tempo\u201d, ter\u00e7a-feira, 121 de agosto, Filomena chora na frente de Sancha e admite que o casamento vai mal e que est\u00e1 muito infeliz. Ela conta que Tito n\u00e3o gosta dela e pede para Sancha guardar segredo sobre o assunto. Joca pega o envelope e v\u00ea a foto de Ferrolho. Virg\u00edlio pergunta a Iara onde ela foi e ela n\u00e3o d\u00e1 satisfa\u00e7\u00e3o a ele. Arminda liga para Joca e diz que precisa falar com ele. Andr\u00e9 vai at\u00e9 a casa de Ellen para conversar com S\u00f4nia. Arminda chega \u00e0 casa de Joca e vai entrando, o que deixa L\u00e9ia furiosa. Arminda fala para Joca que n\u00e3o admite que ele fa\u00e7a a cabe\u00e7a de Diana. Joca diz a Arminda que n\u00e3o est\u00e1 entendendo nada. L\u00e9ia se irrita por mais uma vez ter que aturar a grosseria de Arminda&#8230;.S\u00f4nia diz a Andr\u00e9 que n\u00e3o vai aguentar se acontecer alguma coisa de mal com o pai dela e sugere que eles d\u00eaem um tempo. Andr\u00e9 fica inconformado. Joca deixa claro para Arminda que n\u00e3o falou nada sobre o senador e Karina para Diana. Diana v\u00ea Andr\u00e9 meio cabisbaixo e vai conversar com ele. Ele conta que est\u00e1 sofrendo por amor. Ela anota o telefone dele. Um corregedor da pol\u00edcia diz a Lincon que vai apurar a verdade sobre Ajuricaba. <\/p>\n<p>Lincon conta a Patr\u00edcia que est\u00e1 feliz porque est\u00e3o investigando o delegado. Diana sonha com Andr\u00e9. Filomena fala para Ellen que deu tudo errado na conversa com Tito e chora. Karina diz a Zuleide que Nicolau d\u00e1 em cima dela e ressalta que n\u00e3o vai negar fogo. A patricinha admite que ainda pensa em Tito. Ellen fala para Fil\u00f3 que ela mesma se enganou e aconselha a amiga a lutar pelo amor que sente. Fil\u00f3 diz \u00e0 amiga que vai mudar e conquistar Tito. Nicolau liga para Arminda, que n\u00e3o atende. Ele liga para o solar e Arminda fala para Elza que n\u00e3o quer falar com ningu\u00e9m. <\/p>\n<p>Filomena tenta participar da conversa de Tito, Mateus, Newton e outros paraquedistas, mas Tito n\u00e3o d\u00e1 muita aten\u00e7\u00e3o a ela. Joca pega sua arma e se prepara para sair. Joca mostra a foto de Ferrolho para L\u00e9ia e diz que precisa descobrir quem \u00e9 o cara. Joca vai at\u00e9 a favela onde M\u00e1rio mora e diz ao amigo que precisa da ajuda dele. M\u00e1rio v\u00ea a foto e diz a Joca que acha que sabe quem \u00e9 Ferrolho. Filomena procura Arminda e diz que quer mudar o visual. A executiva promete ajud\u00e1-la. M\u00e1rio diz a Joca que Ferrolho \u00e9 um piloto de avi\u00e3o que trabalhava para traficantes de drogas. <\/p>\n<p>(*) edi\u00e7\u00e3o da Rede Record, Novela \u201cRibeir\u00e3o do Tempo\u201d, sujeito a altera\u00e7\u00e3o de data e conte\u00fado.<\/p>\n","protected":false},"excerpt":{"rendered":"<p>Novela \u201cRibeir\u00e3o do Tempo\u201d resumo 22\/08: no capitulo 051 (*) da novela \u201cRibeir\u00e3o do Tempo\u201d, ter\u00e7a-feira, 121 de agosto, Filomena chora na frente de Sancha e admite que o casamento vai mal e que est\u00e1 muito infeliz. Ela conta que Tito n\u00e3o gosta dela e pede para Sancha guardar segredo sobre o assunto. Joca pega [&hellip;]<\/p>\n","protected":false},"author":2,"featured_media":108265,"comment_status":"open","ping_status":"closed","sticky":false,"template":"","format":"standard","meta":{"tdm_status":"","tdm_grid_status":"","footnotes":""},"categories":[379,371,343],"tags":[441],"class_list":{"0":"post-119438","1":"post","2":"type-post","3":"status-publish","4":"format-standard","5":"has-post-thumbnail","7":"category-novelas","8":"category-rede-record","9":"category-televisao","10":"tag-resumo-do-dia"},"_links":{"self":[{"href":"https:\/\/migracao.redenoticia.com.br\/noticia\/wp-json\/wp\/v2\/posts\/119438","targetHints":{"allow":["GET"]}}],"collection":[{"href":"https:\/\/migracao.redenoticia.com.br\/noticia\/wp-json\/wp\/v2\/posts"}],"about":[{"href":"https:\/\/migracao.redenoticia.com.br\/noticia\/wp-json\/wp\/v2\/types\/post"}],"author":[{"embeddable":true,"href":"https:\/\/migracao.redenoticia.com.br\/noticia\/wp-json\/wp\/v2\/users\/2"}],"replies":[{"embeddable":true,"href":"https:\/\/migracao.redenoticia.com.br\/noticia\/wp-json\/wp\/v2\/comments?post=119438"}],"version-history":[{"count":0,"href":"https:\/\/migracao.redenoticia.com.br\/noticia\/wp-json\/wp\/v2\/posts\/119438\/revisions"}],"wp:featuredmedia":[{"embeddable":true,"href":"https:\/\/migracao.redenoticia.com.br\/noticia\/wp-json\/wp\/v2\/media\/108265"}],"wp:attachment":[{"href":"https:\/\/migracao.redenoticia.com.br\/noticia\/wp-json\/wp\/v2\/media?parent=119438"}],"wp:term":[{"taxonomy":"category","embeddable":true,"href":"https:\/\/migracao.redenoticia.com.br\/noticia\/wp-json\/wp\/v2\/categories?post=119438"},{"taxonomy":"post_tag","embeddable":true,"href":"https:\/\/migracao.redenoticia.com.br\/noticia\/wp-json\/wp\/v2\/tags?post=119438"}],"curies":[{"name":"wp","href":"https:\/\/api.w.org\/{rel}","templated":true}]}}