{"id":119442,"date":"2017-08-21T16:42:28","date_gmt":"2017-08-21T19:42:28","guid":{"rendered":"https:\/\/www.redenoticia.com.br\/noticia\/?p=119442"},"modified":"2017-08-20T16:00:32","modified_gmt":"2017-08-20T19:00:32","slug":"novela-os-dez-mandamentos-resumo-2208-apuki-e-punido-por-moises","status":"publish","type":"post","link":"https:\/\/migracao.redenoticia.com.br\/noticia\/2017\/novela-os-dez-mandamentos-resumo-2208-apuki-e-punido-por-moises\/119442","title":{"rendered":"Novela \u201cOs Dez Mandamentos\u201d resumo 22\/08: Apuki \u00e9 punido por Mois\u00e9s"},"content":{"rendered":"<p> <img loading=\"lazy\" decoding=\"async\" class=\"alignleft size-thumbnail wp-image-68037\" src=\"https:\/\/migracao.redenoticia.com.br\/noticia\/imagens\/resumo_novela_os_dez_mandamentos_record-150x112.jpg\" alt=\"\" width=\"150\" height=\"112\" srcset=\"https:\/\/migracao.redenoticia.com.br\/noticia\/imagens\/resumo_novela_os_dez_mandamentos_record-150x112.jpg 150w, https:\/\/migracao.redenoticia.com.br\/noticia\/imagens\/resumo_novela_os_dez_mandamentos_record-265x198.jpg 265w\" sizes=\"auto, (max-width: 150px) 100vw, 150px\" \/><em><strong>Novela \u201cOs Dez Mandamentos\u201d resumo 22\/08<\/strong><\/em>: no capitulo 021 (*) da novela \u201cOs Dez Mandamentos\u201d, ter\u00e7a-feira, 22 de agosto, Rams\u00e9s diz que n\u00e3o entende o preconceito que Seti sente por Mois\u00e9s e deixa claro que, mesmo ele sendo hebreu, tem qualidades que muitos eg\u00edpcios n\u00e3o t\u00eam. Rams\u00e9s e Mois\u00e9s relembram aventuras da inf\u00e2ncia e deixam Nefertari desconfiada. Assim que a mo\u00e7a se retira, os amigos concordam que ela sempre teve muito poder sobre eles. <\/p>\n<p>Apuki \u00e9 punido por Mois\u00e9s e leva dez chibatadas. Muito machucado e humilhado, Apuki volta pra casa e pede ajuda a sua mulher. Judite aproveita o momento de fragilidade de Apuki e exige um pedido de desculpas. Nefertari confessa a Karoma que gosta de Rams\u00e9s, mas seu cora\u00e7\u00e3o pertence a Mois\u00e9s. Em conversa com a rainha Tuya, Henutmire diz que se sente desconfort\u00e1vel com a rejei\u00e7\u00e3o de Seti por Mois\u00e9s. <\/p>\n<p>Yunet se insinua para Simut e pede uma po\u00e7\u00e3o de beleza. Rams\u00e9s fica furioso ao descobrir decreto que ordenava matar beb\u00eas hebreus. Seti ignora Rams\u00e9s e muda de assunto, deixando o pr\u00edncipe instigado. Anr\u00e3o, marido de Joquebede e pai de Mois\u00e9s, reaparece na vila dos hebreus. <\/p>\n<p>(*) edi\u00e7\u00e3o da Rede Record, Novela \u201cOs Dez Mandamentos\u201d, sujeito a altera\u00e7\u00e3o de data e conte\u00fado.<\/p>\n<p>\u201cOs Dez Mandamentos\u201d \u00e9 uma telenovela brasileira produzida e exibida pela RecordTV, tendo sua primeira temporada exibida entre 23 de mar\u00e7o e 23 de novembro de 2015 em 176 cap\u00edtulos, substituindo Vit\u00f3ria, e sendo substitu\u00edda pela reprise de Rei Davi. A segunda temporada foi produzida pela Casablanca e exibida de 04 de abril a 04 de julho de 2016 em 66 cap\u00edtulos, substituindo a reprise de Sans\u00e3o e Dalila e sendo substitu\u00edda por A Terra Prometida.<\/p>\n","protected":false},"excerpt":{"rendered":"<p>Novela \u201cOs Dez Mandamentos\u201d resumo 22\/08: no capitulo 021 (*) da novela \u201cOs Dez Mandamentos\u201d, ter\u00e7a-feira, 22 de agosto, Rams\u00e9s diz que n\u00e3o entende o preconceito que Seti sente por Mois\u00e9s e deixa claro que, mesmo ele sendo hebreu, tem qualidades que muitos eg\u00edpcios n\u00e3o t\u00eam. Rams\u00e9s e Mois\u00e9s relembram aventuras da inf\u00e2ncia e deixam [&hellip;]<\/p>\n","protected":false},"author":2,"featured_media":68037,"comment_status":"open","ping_status":"closed","sticky":false,"template":"","format":"standard","meta":{"tdm_status":"","tdm_grid_status":"","footnotes":""},"categories":[379,424,371,343],"tags":[441],"class_list":{"0":"post-119442","1":"post","2":"type-post","3":"status-publish","4":"format-standard","5":"has-post-thumbnail","7":"category-novelas","8":"category-os-dez-mandamentos","9":"category-rede-record","10":"category-televisao","11":"tag-resumo-do-dia"},"_links":{"self":[{"href":"https:\/\/migracao.redenoticia.com.br\/noticia\/wp-json\/wp\/v2\/posts\/119442","targetHints":{"allow":["GET"]}}],"collection":[{"href":"https:\/\/migracao.redenoticia.com.br\/noticia\/wp-json\/wp\/v2\/posts"}],"about":[{"href":"https:\/\/migracao.redenoticia.com.br\/noticia\/wp-json\/wp\/v2\/types\/post"}],"author":[{"embeddable":true,"href":"https:\/\/migracao.redenoticia.com.br\/noticia\/wp-json\/wp\/v2\/users\/2"}],"replies":[{"embeddable":true,"href":"https:\/\/migracao.redenoticia.com.br\/noticia\/wp-json\/wp\/v2\/comments?post=119442"}],"version-history":[{"count":0,"href":"https:\/\/migracao.redenoticia.com.br\/noticia\/wp-json\/wp\/v2\/posts\/119442\/revisions"}],"wp:featuredmedia":[{"embeddable":true,"href":"https:\/\/migracao.redenoticia.com.br\/noticia\/wp-json\/wp\/v2\/media\/68037"}],"wp:attachment":[{"href":"https:\/\/migracao.redenoticia.com.br\/noticia\/wp-json\/wp\/v2\/media?parent=119442"}],"wp:term":[{"taxonomy":"category","embeddable":true,"href":"https:\/\/migracao.redenoticia.com.br\/noticia\/wp-json\/wp\/v2\/categories?post=119442"},{"taxonomy":"post_tag","embeddable":true,"href":"https:\/\/migracao.redenoticia.com.br\/noticia\/wp-json\/wp\/v2\/tags?post=119442"}],"curies":[{"name":"wp","href":"https:\/\/api.w.org\/{rel}","templated":true}]}}