{"id":119481,"date":"2017-08-22T00:07:15","date_gmt":"2017-08-22T03:07:15","guid":{"rendered":"https:\/\/www.redenoticia.com.br\/noticia\/?p=119481"},"modified":"2017-08-21T16:17:22","modified_gmt":"2017-08-21T19:17:22","slug":"unicamp-abre-processo-seletivo-de-vagas-remanescentes-para-2018","status":"publish","type":"post","link":"https:\/\/migracao.redenoticia.com.br\/noticia\/2017\/unicamp-abre-processo-seletivo-de-vagas-remanescentes-para-2018\/119481","title":{"rendered":"Unicamp abre processo seletivo de vagas remanescentes para 2018"},"content":{"rendered":"<p> Quem quiser estudar na Universidade Estadual de Campinas (Unicamp) pode se inscrever para o\u00a0Processo Seletivo Aberto para as <strong><em>Vagas Remanescentes<\/em><\/strong> 2018 na Universidade. As inscri\u00e7\u00f5es poder\u00e3o ser feitas at\u00e9 o dia 28 de agosto, exclusivamente pelo\u00a0.Este ano, a Unicamp oferece 935 vagas em 59 op\u00e7\u00f5es de cursos. Podem se inscrever no processo, alunos de outras IES nacionais ou estrangeiras; portadores de diploma devidamente reconhecido de curso superior diferente do curso pretendido e alunos regularmente matriculados nos cursos de gradua\u00e7\u00e3o da Unicamp, desde que o curso pretendido seja diferente de seu pr\u00f3prio curso (casos excepcionais ser\u00e3o julgados pela CCG).<\/p>\n<p>O Processo ser\u00e1 realizado em tr\u00eas fases de car\u00e1ter eliminat\u00f3rio e classificat\u00f3rio e de uma quarta fase para os candidatos aos cursos que exigem provas de Habilidades Espec\u00edficas. As tr\u00eas fases s\u00e3o: Exame de Conhecimentos Gerais (ECG), An\u00e1lise de Compatibilidade de Curr\u00edculo e Prova Espec\u00edfica de Conhecimento. Al\u00e9m dessas tr\u00eas fases, h\u00e1 provas de habilidades espec\u00edficas (realizadas juntamente com os candidatos ao Vestibular Unicamp) para os seguintes cursos: Arquitetura e Urbanismo, Artes C\u00eanicas, Artes Visuais, Dan\u00e7a e M\u00fasica.<\/p>\n<p>O Exame de Conhecimentos Gerais, obrigat\u00f3rio a todos os candidatos, ser\u00e1 realizado no dia 17 de setembro e \u00e9 constitu\u00eddo de 40 quest\u00f5es de m\u00faltipla escolha das seguintes disciplinas: Portugu\u00eas, Ingl\u00eas, Matem\u00e1tica, F\u00edsica, Qu\u00edmica, Biologia, Geografia e Hist\u00f3ria. As quest\u00f5es abordam as \u00e1reas do conhecimento desenvolvidas no ensino m\u00e9dio.<\/p>\n<p>Do Portal do Governo SP<\/p>\n","protected":false},"excerpt":{"rendered":"<p>Quem quiser estudar na Universidade Estadual de Campinas (Unicamp) pode se inscrever para o\u00a0Processo Seletivo Aberto para as Vagas Remanescentes 2018 na Universidade. As inscri\u00e7\u00f5es poder\u00e3o ser feitas at\u00e9 o dia 28 de agosto, exclusivamente pelo\u00a0.Este ano, a Unicamp oferece 935 vagas em 59 op\u00e7\u00f5es de cursos. Podem se inscrever no processo, alunos de outras [&hellip;]<\/p>\n","protected":false},"author":2,"featured_media":36244,"comment_status":"open","ping_status":"closed","sticky":false,"template":"","format":"standard","meta":{"tdm_status":"","tdm_grid_status":"","footnotes":""},"categories":[22,370,295],"tags":[],"class_list":{"0":"post-119481","1":"post","2":"type-post","3":"status-publish","4":"format-standard","5":"has-post-thumbnail","7":"category-brasil","8":"category-inscricao","9":"category-vestibular"},"_links":{"self":[{"href":"https:\/\/migracao.redenoticia.com.br\/noticia\/wp-json\/wp\/v2\/posts\/119481","targetHints":{"allow":["GET"]}}],"collection":[{"href":"https:\/\/migracao.redenoticia.com.br\/noticia\/wp-json\/wp\/v2\/posts"}],"about":[{"href":"https:\/\/migracao.redenoticia.com.br\/noticia\/wp-json\/wp\/v2\/types\/post"}],"author":[{"embeddable":true,"href":"https:\/\/migracao.redenoticia.com.br\/noticia\/wp-json\/wp\/v2\/users\/2"}],"replies":[{"embeddable":true,"href":"https:\/\/migracao.redenoticia.com.br\/noticia\/wp-json\/wp\/v2\/comments?post=119481"}],"version-history":[{"count":0,"href":"https:\/\/migracao.redenoticia.com.br\/noticia\/wp-json\/wp\/v2\/posts\/119481\/revisions"}],"wp:featuredmedia":[{"embeddable":true,"href":"https:\/\/migracao.redenoticia.com.br\/noticia\/wp-json\/wp\/v2\/media\/36244"}],"wp:attachment":[{"href":"https:\/\/migracao.redenoticia.com.br\/noticia\/wp-json\/wp\/v2\/media?parent=119481"}],"wp:term":[{"taxonomy":"category","embeddable":true,"href":"https:\/\/migracao.redenoticia.com.br\/noticia\/wp-json\/wp\/v2\/categories?post=119481"},{"taxonomy":"post_tag","embeddable":true,"href":"https:\/\/migracao.redenoticia.com.br\/noticia\/wp-json\/wp\/v2\/tags?post=119481"}],"curies":[{"name":"wp","href":"https:\/\/api.w.org\/{rel}","templated":true}]}}