{"id":119483,"date":"2017-08-22T00:08:25","date_gmt":"2017-08-22T03:08:25","guid":{"rendered":"https:\/\/www.redenoticia.com.br\/noticia\/?p=119483"},"modified":"2017-08-21T16:18:28","modified_gmt":"2017-08-21T19:18:28","slug":"inscricoes-para-vestibular-da-usp-podem-ser-feitas-ate-11-de-setembro","status":"publish","type":"post","link":"https:\/\/migracao.redenoticia.com.br\/noticia\/2017\/inscricoes-para-vestibular-da-usp-podem-ser-feitas-ate-11-de-setembro\/119483","title":{"rendered":"Inscri\u00e7\u00f5es para vestibular da USP podem ser feitas at\u00e9 11 de setembro"},"content":{"rendered":"<p> As inscri\u00e7\u00f5es para o <strong><em>vestibular da Universidade de S\u00e3o Paulo<\/em><\/strong> (USP) de 2018 j\u00e1 est\u00e3o abertas e v\u00e3o at\u00e9 o dia 11 de setembro. A inscri\u00e7\u00e3o deve ser feita no\u00a0, que\u00a0 organiza o concurso. A taxa \u00e9 de R$ 170, que deve ser paga at\u00e9 o dia 12 de setembro.<\/p>\n<p>Na inscri\u00e7\u00e3o, o candidato deve indicar apenas uma carreira e os cursos desejados da carreira, em ordem decrescente de prefer\u00eancia. Assim, deve indicar, em primeiro lugar, o curso que mais deseja, at\u00e9 o m\u00e1ximo de quatro cursos. Se a carreira tiver um \u00fanico curso, deve indicar somente esse curso.<\/p>\n<p>A prova ir\u00e1 selecionar alunos para 8.402 vagas disponibilizadas pela USP, sendo 3.416 na \u00e1rea de humanidades, 3.026 em ci\u00eancias exatas e 1.960 em ci\u00eancias biol\u00f3gicas. Ser\u00e3o reservadas 37% das vagas de cada unidade da USP para estudantes que tenha cursado integralmente o ensino m\u00e9dio em escolas p\u00fablicas. Nessa reserva, incidir\u00e1 o percentual para candidatos egressos da rede p\u00fablica de ensino autodeclarados pretos, pardos e ind\u00edgenas.<\/p>\n<p>A USP tamb\u00e9m disponibiliza 2.745 vagas para alunos que fizeram o Exame Nacional do Ensino M\u00e9dio (Enem) e participarem do Sistema de Sele\u00e7\u00e3o Unificada (Sisu). Estudantes que cursaram ou estejam cursando o ensino m\u00e9dio em escolas da rede p\u00fablica poder\u00e3o ganhar acr\u00e9scimo na nota da prova da 1\u00aa fase, para efeito de progress\u00e3o \u00e0 2\u00aa fase do vestibular, e na nota final de classifica\u00e7\u00e3o.<\/p>\n<p>Sabrina Craide &#8211; Rep\u00f3rter da Ag\u00eancia Brasil<br \/>\nEdi\u00e7\u00e3o: Fernando Fraga<br \/>\n22\/08\/2017<\/p>\n","protected":false},"excerpt":{"rendered":"<p>As inscri\u00e7\u00f5es para o vestibular da Universidade de S\u00e3o Paulo (USP) de 2018 j\u00e1 est\u00e3o abertas e v\u00e3o at\u00e9 o dia 11 de setembro. A inscri\u00e7\u00e3o deve ser feita no\u00a0, que\u00a0 organiza o concurso. A taxa \u00e9 de R$ 170, que deve ser paga at\u00e9 o dia 12 de setembro. Na inscri\u00e7\u00e3o, o candidato deve [&hellip;]<\/p>\n","protected":false},"author":2,"featured_media":34896,"comment_status":"open","ping_status":"closed","sticky":false,"template":"","format":"standard","meta":{"tdm_status":"","tdm_grid_status":"","footnotes":""},"categories":[22,370,295],"tags":[],"class_list":{"0":"post-119483","1":"post","2":"type-post","3":"status-publish","4":"format-standard","5":"has-post-thumbnail","7":"category-brasil","8":"category-inscricao","9":"category-vestibular"},"_links":{"self":[{"href":"https:\/\/migracao.redenoticia.com.br\/noticia\/wp-json\/wp\/v2\/posts\/119483","targetHints":{"allow":["GET"]}}],"collection":[{"href":"https:\/\/migracao.redenoticia.com.br\/noticia\/wp-json\/wp\/v2\/posts"}],"about":[{"href":"https:\/\/migracao.redenoticia.com.br\/noticia\/wp-json\/wp\/v2\/types\/post"}],"author":[{"embeddable":true,"href":"https:\/\/migracao.redenoticia.com.br\/noticia\/wp-json\/wp\/v2\/users\/2"}],"replies":[{"embeddable":true,"href":"https:\/\/migracao.redenoticia.com.br\/noticia\/wp-json\/wp\/v2\/comments?post=119483"}],"version-history":[{"count":0,"href":"https:\/\/migracao.redenoticia.com.br\/noticia\/wp-json\/wp\/v2\/posts\/119483\/revisions"}],"wp:featuredmedia":[{"embeddable":true,"href":"https:\/\/migracao.redenoticia.com.br\/noticia\/wp-json\/wp\/v2\/media\/34896"}],"wp:attachment":[{"href":"https:\/\/migracao.redenoticia.com.br\/noticia\/wp-json\/wp\/v2\/media?parent=119483"}],"wp:term":[{"taxonomy":"category","embeddable":true,"href":"https:\/\/migracao.redenoticia.com.br\/noticia\/wp-json\/wp\/v2\/categories?post=119483"},{"taxonomy":"post_tag","embeddable":true,"href":"https:\/\/migracao.redenoticia.com.br\/noticia\/wp-json\/wp\/v2\/tags?post=119483"}],"curies":[{"name":"wp","href":"https:\/\/api.w.org\/{rel}","templated":true}]}}