{"id":119485,"date":"2017-08-22T00:09:30","date_gmt":"2017-08-22T03:09:30","guid":{"rendered":"https:\/\/www.redenoticia.com.br\/noticia\/?p=119485"},"modified":"2017-08-21T16:19:29","modified_gmt":"2017-08-21T19:19:29","slug":"inscricoes-para-o-prouni-terminam-sexta-feira-para-estudantes-nao-matriculados","status":"publish","type":"post","link":"https:\/\/migracao.redenoticia.com.br\/noticia\/2017\/inscricoes-para-o-prouni-terminam-sexta-feira-para-estudantes-nao-matriculados\/119485","title":{"rendered":"Inscri\u00e7\u00f5es para o ProUni terminam sexta-feira para estudantes n\u00e3o matriculados"},"content":{"rendered":"<p> As inscri\u00e7\u00f5es para vagas remanescentes do Programa Universidade para Todos (<strong><em>ProUni<\/em><\/strong>) terminam na pr\u00f3xima sexta-feira (25) para os candidatos que n\u00e3o estiverem matriculados em institui\u00e7\u00e3o de educa\u00e7\u00e3o superior. Para os estudantes que j\u00e1 est\u00e3o matriculados, o prazo final \u00e9 30 de outubro.<\/p>\n<p>No total, s\u00e3o oferecidas 77 mil bolsas remanescentes das 147,4 mil ofertadas na chamada regular referente ao segundo semestre deste ano. As inscri\u00e7\u00f5es podem ser feitas pelo\u00a0.<\/p>\n<p>Podem se inscrever para as vagas remanescentes do ProUni aqueles que participaram do Exame Nacional do Ensino M\u00e9dio (Enem) a partir da edi\u00e7\u00e3o de 2010 e obtiveram nota m\u00e9dia igual ou superior a 450 pontos e superior a 0 na reda\u00e7\u00e3o. O ProUni oferece bolsas de estudo integrais e parciais (50%) em faculdades privadas, em cursos de gradua\u00e7\u00e3o e sequenciais de forma\u00e7\u00e3o espec\u00edfica.<\/p>\n<p>Para concorrer \u00e0 bolsa integral, o candidato deve comprovar renda familiar bruta mensal de at\u00e9 um sal\u00e1rio m\u00ednimo e meio por pessoa. Para a bolsa parcial, a renda familiar bruta mensal deve ser de at\u00e9 tr\u00eas sal\u00e1rios m\u00ednimos por pessoa.<\/p>\n<p>Da Ag\u00eancia Brasil<br \/>\nEdi\u00e7\u00e3o: Lidia Neves<br \/>\n22\/08\/2017<\/p>\n","protected":false},"excerpt":{"rendered":"<p>As inscri\u00e7\u00f5es para vagas remanescentes do Programa Universidade para Todos (ProUni) terminam na pr\u00f3xima sexta-feira (25) para os candidatos que n\u00e3o estiverem matriculados em institui\u00e7\u00e3o de educa\u00e7\u00e3o superior. Para os estudantes que j\u00e1 est\u00e3o matriculados, o prazo final \u00e9 30 de outubro. No total, s\u00e3o oferecidas 77 mil bolsas remanescentes das 147,4 mil ofertadas na [&hellip;]<\/p>\n","protected":false},"author":2,"featured_media":23011,"comment_status":"open","ping_status":"closed","sticky":false,"template":"","format":"standard","meta":{"tdm_status":"","tdm_grid_status":"","footnotes":""},"categories":[22,370,295],"tags":[],"class_list":{"0":"post-119485","1":"post","2":"type-post","3":"status-publish","4":"format-standard","5":"has-post-thumbnail","7":"category-brasil","8":"category-inscricao","9":"category-vestibular"},"_links":{"self":[{"href":"https:\/\/migracao.redenoticia.com.br\/noticia\/wp-json\/wp\/v2\/posts\/119485","targetHints":{"allow":["GET"]}}],"collection":[{"href":"https:\/\/migracao.redenoticia.com.br\/noticia\/wp-json\/wp\/v2\/posts"}],"about":[{"href":"https:\/\/migracao.redenoticia.com.br\/noticia\/wp-json\/wp\/v2\/types\/post"}],"author":[{"embeddable":true,"href":"https:\/\/migracao.redenoticia.com.br\/noticia\/wp-json\/wp\/v2\/users\/2"}],"replies":[{"embeddable":true,"href":"https:\/\/migracao.redenoticia.com.br\/noticia\/wp-json\/wp\/v2\/comments?post=119485"}],"version-history":[{"count":0,"href":"https:\/\/migracao.redenoticia.com.br\/noticia\/wp-json\/wp\/v2\/posts\/119485\/revisions"}],"wp:featuredmedia":[{"embeddable":true,"href":"https:\/\/migracao.redenoticia.com.br\/noticia\/wp-json\/wp\/v2\/media\/23011"}],"wp:attachment":[{"href":"https:\/\/migracao.redenoticia.com.br\/noticia\/wp-json\/wp\/v2\/media?parent=119485"}],"wp:term":[{"taxonomy":"category","embeddable":true,"href":"https:\/\/migracao.redenoticia.com.br\/noticia\/wp-json\/wp\/v2\/categories?post=119485"},{"taxonomy":"post_tag","embeddable":true,"href":"https:\/\/migracao.redenoticia.com.br\/noticia\/wp-json\/wp\/v2\/tags?post=119485"}],"curies":[{"name":"wp","href":"https:\/\/api.w.org\/{rel}","templated":true}]}}