{"id":119516,"date":"2017-08-21T16:48:14","date_gmt":"2017-08-21T19:48:14","guid":{"rendered":"https:\/\/www.redenoticia.com.br\/noticia\/?p=119516"},"modified":"2017-08-21T16:48:14","modified_gmt":"2017-08-21T19:48:14","slug":"resumo-novela-o-que-a-vida-me-roubou-2208-vitor-diz-a-nadia-quem-e-adolfo","status":"publish","type":"post","link":"https:\/\/migracao.redenoticia.com.br\/noticia\/2017\/resumo-novela-o-que-a-vida-me-roubou-2208-vitor-diz-a-nadia-quem-e-adolfo\/119516","title":{"rendered":"Resumo novela \u201cO Que A Vida Me Roubou\u201d 22\/08: V\u00edtor diz a N\u00e1dia quem \u00e9 Adolfo"},"content":{"rendered":"<p> <img loading=\"lazy\" decoding=\"async\" src=\"https:\/\/migracao.redenoticia.com.br\/noticia\/imagens\/o-que-a-vida-me-roubou-novela-resumo-sbt-150x112.jpg\" alt=\"\" width=\"150\" height=\"112\" class=\"alignleft size-thumbnail wp-image-105656\" srcset=\"https:\/\/migracao.redenoticia.com.br\/noticia\/imagens\/o-que-a-vida-me-roubou-novela-resumo-sbt-150x112.jpg 150w, https:\/\/migracao.redenoticia.com.br\/noticia\/imagens\/o-que-a-vida-me-roubou-novela-resumo-sbt-265x198.jpg 265w\" sizes=\"auto, (max-width: 150px) 100vw, 150px\" \/><strong><em>Resumo novela \u201cO Que A Vida Me Roubou\u201d 22\/08<\/em><\/strong>: no cap\u00edtulo 147(*) da novela \u201cO Que A Vida Me Roubou\u201d, resumo de ter\u00e7a-feira, 22 de agosto, Jos\u00e9 Lu\u00eds promete a Montserrat que vai colocar os vil\u00f5es na cadeia. Graziela diz a Demetrio que n\u00e3o consegue andar. V\u00edtor diz a N\u00e1dia quem \u00e9, na realidade, Adolfo. Jos\u00e9 Lu\u00eds visita a campa de Renato e acaba por se encontrar com Adolfo e pergunta-lhe pela identidade do escorpi\u00e3o. No entanto, Adolfo diz n\u00e3o conhecer. Graziela recupera o amor dos seus filhos.<\/p>\n<p>(*) edi\u00e7\u00e3o do SBT, Novela \u201cO Que A Vida Me Roubou\u201d, sujeito a altera\u00e7\u00e3o de data e conte\u00fado.<\/p>\n<p>Lo que la vida me rob\u00f3 (no Brasil, O Que a Vida Me Roubou) \u00e9 uma telenovela mexicana produzida por Angelli Nesma Medina para Televisa e exibida pelo Canal de las Estrellas entre 28 de outubro de 2013 e 27 de julho de 2014 em 196 cap\u00edtulos, substituindo La tempestad e sendo substitu\u00edda por Hasta el fin del mundo. A original \u00e9 de Caridad Bravo Adams, sendo esta um remake modernizado das novelas Bodas de odio e Amor real, produzidas em 1983 e 2003, respectivamente. Tem Angelique Boyer, Sebasti\u00e1n Rulli, Luis Roberto Guzm\u00e1n, Daniela Castro, Grettell Vald\u00e9z, Sergio Sendel e Lisset nos papeis principais.<\/p>\n","protected":false},"excerpt":{"rendered":"<p>Resumo novela \u201cO Que A Vida Me Roubou\u201d 22\/08: no cap\u00edtulo 147(*) da novela \u201cO Que A Vida Me Roubou\u201d, resumo de ter\u00e7a-feira, 22 de agosto, Jos\u00e9 Lu\u00eds promete a Montserrat que vai colocar os vil\u00f5es na cadeia. Graziela diz a Demetrio que n\u00e3o consegue andar. V\u00edtor diz a N\u00e1dia quem \u00e9, na realidade, Adolfo. [&hellip;]<\/p>\n","protected":false},"author":2,"featured_media":105656,"comment_status":"open","ping_status":"closed","sticky":false,"template":"","format":"standard","meta":{"tdm_status":"","tdm_grid_status":"","footnotes":""},"categories":[379,372,343],"tags":[441],"class_list":{"0":"post-119516","1":"post","2":"type-post","3":"status-publish","4":"format-standard","5":"has-post-thumbnail","7":"category-novelas","8":"category-sbt","9":"category-televisao","10":"tag-resumo-do-dia"},"_links":{"self":[{"href":"https:\/\/migracao.redenoticia.com.br\/noticia\/wp-json\/wp\/v2\/posts\/119516","targetHints":{"allow":["GET"]}}],"collection":[{"href":"https:\/\/migracao.redenoticia.com.br\/noticia\/wp-json\/wp\/v2\/posts"}],"about":[{"href":"https:\/\/migracao.redenoticia.com.br\/noticia\/wp-json\/wp\/v2\/types\/post"}],"author":[{"embeddable":true,"href":"https:\/\/migracao.redenoticia.com.br\/noticia\/wp-json\/wp\/v2\/users\/2"}],"replies":[{"embeddable":true,"href":"https:\/\/migracao.redenoticia.com.br\/noticia\/wp-json\/wp\/v2\/comments?post=119516"}],"version-history":[{"count":0,"href":"https:\/\/migracao.redenoticia.com.br\/noticia\/wp-json\/wp\/v2\/posts\/119516\/revisions"}],"wp:featuredmedia":[{"embeddable":true,"href":"https:\/\/migracao.redenoticia.com.br\/noticia\/wp-json\/wp\/v2\/media\/105656"}],"wp:attachment":[{"href":"https:\/\/migracao.redenoticia.com.br\/noticia\/wp-json\/wp\/v2\/media?parent=119516"}],"wp:term":[{"taxonomy":"category","embeddable":true,"href":"https:\/\/migracao.redenoticia.com.br\/noticia\/wp-json\/wp\/v2\/categories?post=119516"},{"taxonomy":"post_tag","embeddable":true,"href":"https:\/\/migracao.redenoticia.com.br\/noticia\/wp-json\/wp\/v2\/tags?post=119516"}],"curies":[{"name":"wp","href":"https:\/\/api.w.org\/{rel}","templated":true}]}}