{"id":119524,"date":"2017-08-21T16:52:11","date_gmt":"2017-08-21T19:52:11","guid":{"rendered":"https:\/\/www.redenoticia.com.br\/noticia\/?p=119524"},"modified":"2017-08-21T16:52:11","modified_gmt":"2017-08-21T19:52:11","slug":"resumo-novela-malhacao-2208-roney-quer-fazer-o-exame-de-dna-em-tonico","status":"publish","type":"post","link":"https:\/\/migracao.redenoticia.com.br\/noticia\/2017\/resumo-novela-malhacao-2208-roney-quer-fazer-o-exame-de-dna-em-tonico\/119524","title":{"rendered":"Resumo novela \u201cMalha\u00e7\u00e3o\u201d 22\/08: Roney quer fazer o exame de DNA em Tonico"},"content":{"rendered":"<p> <img loading=\"lazy\" decoding=\"async\" class=\"alignleft size-thumbnail wp-image-110075\" src=\"https:\/\/migracao.redenoticia.com.br\/noticia\/imagens\/malhacao-viva-a-diferenca-150x112.jpg\" alt=\"\" width=\"150\" height=\"112\" srcset=\"https:\/\/migracao.redenoticia.com.br\/noticia\/imagens\/malhacao-viva-a-diferenca-150x112.jpg 150w, https:\/\/migracao.redenoticia.com.br\/noticia\/imagens\/malhacao-viva-a-diferenca-265x198.jpg 265w\" sizes=\"auto, (max-width: 150px) 100vw, 150px\" \/><strong><em>Resumo novela \u201cMalha\u00e7\u00e3o\u201d 22\/08<\/em><\/strong>: no cap\u00edtulo 077(*) da novela \u201cMalha\u00e7\u00e3o\u201d, resumo de ter\u00e7a-feira, 22 de agosto, Nena \u00e9 hostil com Tina, e Anderson e Ellen repreendem a m\u00e3e. Roney obriga Keyla e Deco a fazerem o exame de DNA em Tonico. Noboru estranha a rea\u00e7\u00e3o de Mitsuko ao saber que Tina est\u00e1 na casa de Anderson. Das Dores acolhe Tina. Samantha inicia o ensaio da banda, mesmo sem Felipe. Marta flagra Lica e Felipe juntos. Nena ofende Tina, que deixa a casa de Anderson. Roney n\u00e3o permite que Deco fique em sua casa com Keyla. Lica pede para ser amiga de B\u00f3ris na rede social. Anderson confronta Nena. Tina sofre pela rejei\u00e7\u00e3o a seu namoro.<\/p>\n<p>(*) edi\u00e7\u00e3o da Rede Globo, Novela \u201cMalha\u00e7\u00e3o\u201d, sujeito a altera\u00e7\u00e3o de data e conte\u00fado.<\/p>\n<p>A vig\u00e9sima quinta temporada da s\u00e9rie de televis\u00e3o brasileira Malha\u00e7\u00e3o, produzida pela Rede Globo, \u00e9 escrita por Cao Hamburger, com colabora\u00e7\u00e3o de Jaqueline Vargas, Luciana Pessanha, Vitor Brandt e Carolina Ziskind, e conta com a dire\u00e7\u00e3o de Paulo Silvestrini. Pela primeira vez ap\u00f3s vinte e quatro temporadas, a novela ser\u00e1 ambientada nas zonas leste e sul da cidade de S\u00e3o Paulo. A trama \u00e9 protagonizada por Gabriela Medvedovski, Heslaine Vieira, Ana Hikari, Manoela Aliperti e Daphne Bozaski. O elenco tamb\u00e9m \u00e9 composto por Matheus Abreu, Hall Mendes, Juan Piava, Gabriel Calamari, Bruno Gadiol, Giovanna Grigio, Aline Fanju, L\u00facio Mauro Filho, Malu Galli, Angelo Ant\u00f4nio, Daniela Galli, Marcello Antony, Isabella Scherer, Talita Younan e Carol Macedo nos papeis principais.<\/p>\n","protected":false},"excerpt":{"rendered":"<p>Resumo novela \u201cMalha\u00e7\u00e3o\u201d 22\/08: no cap\u00edtulo 077(*) da novela \u201cMalha\u00e7\u00e3o\u201d, resumo de ter\u00e7a-feira, 22 de agosto, Nena \u00e9 hostil com Tina, e Anderson e Ellen repreendem a m\u00e3e. Roney obriga Keyla e Deco a fazerem o exame de DNA em Tonico. Noboru estranha a rea\u00e7\u00e3o de Mitsuko ao saber que Tina est\u00e1 na casa de [&hellip;]<\/p>\n","protected":false},"author":2,"featured_media":110075,"comment_status":"open","ping_status":"closed","sticky":false,"template":"","format":"standard","meta":{"tdm_status":"","tdm_grid_status":"","footnotes":""},"categories":[447,379,375,343],"tags":[441],"class_list":{"0":"post-119524","1":"post","2":"type-post","3":"status-publish","4":"format-standard","5":"has-post-thumbnail","7":"category-malhacao","8":"category-novelas","9":"category-rede-globo","10":"category-televisao","11":"tag-resumo-do-dia"},"_links":{"self":[{"href":"https:\/\/migracao.redenoticia.com.br\/noticia\/wp-json\/wp\/v2\/posts\/119524","targetHints":{"allow":["GET"]}}],"collection":[{"href":"https:\/\/migracao.redenoticia.com.br\/noticia\/wp-json\/wp\/v2\/posts"}],"about":[{"href":"https:\/\/migracao.redenoticia.com.br\/noticia\/wp-json\/wp\/v2\/types\/post"}],"author":[{"embeddable":true,"href":"https:\/\/migracao.redenoticia.com.br\/noticia\/wp-json\/wp\/v2\/users\/2"}],"replies":[{"embeddable":true,"href":"https:\/\/migracao.redenoticia.com.br\/noticia\/wp-json\/wp\/v2\/comments?post=119524"}],"version-history":[{"count":0,"href":"https:\/\/migracao.redenoticia.com.br\/noticia\/wp-json\/wp\/v2\/posts\/119524\/revisions"}],"wp:featuredmedia":[{"embeddable":true,"href":"https:\/\/migracao.redenoticia.com.br\/noticia\/wp-json\/wp\/v2\/media\/110075"}],"wp:attachment":[{"href":"https:\/\/migracao.redenoticia.com.br\/noticia\/wp-json\/wp\/v2\/media?parent=119524"}],"wp:term":[{"taxonomy":"category","embeddable":true,"href":"https:\/\/migracao.redenoticia.com.br\/noticia\/wp-json\/wp\/v2\/categories?post=119524"},{"taxonomy":"post_tag","embeddable":true,"href":"https:\/\/migracao.redenoticia.com.br\/noticia\/wp-json\/wp\/v2\/tags?post=119524"}],"curies":[{"name":"wp","href":"https:\/\/api.w.org\/{rel}","templated":true}]}}