{"id":119553,"date":"2017-08-22T16:32:22","date_gmt":"2017-08-22T19:32:22","guid":{"rendered":"https:\/\/www.redenoticia.com.br\/noticia\/?p=119553"},"modified":"2017-08-22T16:09:17","modified_gmt":"2017-08-22T19:09:17","slug":"resumo-novela-carinha-de-anjo-2308-padre-fabio-de-melo-chega-no-internato","status":"publish","type":"post","link":"https:\/\/migracao.redenoticia.com.br\/noticia\/2017\/resumo-novela-carinha-de-anjo-2308-padre-fabio-de-melo-chega-no-internato\/119553","title":{"rendered":"Resumo novela \u201cCarinha de Anjo\u201d 23\/08: Padre F\u00e1bio de Melo chega no internato"},"content":{"rendered":"<p><img loading=\"lazy\" decoding=\"async\" class=\"alignleft size-thumbnail wp-image-99331\" src=\"https:\/\/migracao.redenoticia.com.br\/noticia\/imagens\/carinha_de_anjo_sbt_novela_resumo_capitulo-150x112.jpg\" alt=\"carinha_de_anjo_sbt_novela_resumo_capitulo\" width=\"150\" height=\"112\" srcset=\"https:\/\/migracao.redenoticia.com.br\/noticia\/imagens\/carinha_de_anjo_sbt_novela_resumo_capitulo-150x112.jpg 150w, https:\/\/migracao.redenoticia.com.br\/noticia\/imagens\/carinha_de_anjo_sbt_novela_resumo_capitulo-265x198.jpg 265w\" sizes=\"auto, (max-width: 150px) 100vw, 150px\" \/><strong><em>Resumo novela \u201cCarinha de Anjo\u201d 23\/08<\/em><\/strong>: no cap\u00edtulo 198(*) da novela \u201cCarinha de Anjo\u201d, resumo de quarta-feira, 23 de agosto, as novi\u00e7as terminam de arrumar a mesa do caf\u00e9 para o Padre F\u00e1bio de Melo no jardim do internato. As pequeninas vestem uma roupa especial para se apresentarem como coral. O carro com o religioso chega no col\u00e9gio e todos ficam muito ansiosos. As pequeninas cantam para o Padre que parabeniza Fabiana e diz para ela cuidar muito bem no dom que Deus deu para ela. Fabiana fica emocionada. Mais tarde, na sala da Madre, F\u00e1bio de Melo revela para a religiosa, Gabriel e Fabiana que a regente do coral \u00e9 o motivo que o levou at\u00e9 o internato. \u201cEu ouvi Deus cantando atrav\u00e9s de voc\u00ea\u201d, diz o padre para Fabiana. Gabriel telefona para Estef\u00e2nia e conta que Fabio de Melo ir\u00e1 jantar na casa de Gustavo e que ela pode convidar Cec\u00edlia. A secret\u00e1ria da Noemia diz que ela s\u00f3 fechar\u00e1 contrato com a Rey Caf\u00e9 se Gustavo e Crist\u00f3v\u00e3o comparecerem na piscina de um dos hot\u00e9is da rede dela para uma reuni\u00e3o.<\/p>\n<p>(*) edi\u00e7\u00e3o do SBT, Novela \u201cCarinha de Anjo\u201d, sujeito a altera\u00e7\u00e3o de data e conte\u00fado.<\/p>\n<p>Carinha de Anjo \u00e9 uma telenovela brasileira produzida e exibida originalmente pelo SBT desde o dia 21 de novembro de 2016, substituindo o hor\u00e1rio anteriormente ocupado por C\u00famplices de um Resgate. A telenovela \u00e9 inspirada na mexicana Carita de \u00e1ngel, que, por sua vez, \u00e9 um remake de Mundo de juguete, ambas produzidas pela Televisa e que haviam sido baseadas na trama argentina escrita por Abel Santa Cruz, Pap\u00e1 coraz\u00f3n. Esta ser\u00e1 a segunda adapta\u00e7\u00e3o brasileira da obra original argentina, visto que a Rede Tupi apresentou em 1976 a sua primeira vers\u00e3o, chamada de Papai Cora\u00e7\u00e3o. A nova vers\u00e3o \u00e9 escrita por Leonor Corr\u00eaa, com supervis\u00e3o de \u00cdris Abravanel e dire\u00e7\u00e3o geral de Ricardo Mantoanelli. A trama conta com Lorena Queiroz, Bia Arantes, Carlo Porto, Priscila Sol, Dani Gondim, Karin Hils, Eliana Guttman e Lucero nos pap\u00e9is principais.<\/p>\n","protected":false},"excerpt":{"rendered":"<p>Resumo novela \u201cCarinha de Anjo\u201d 23\/08: no cap\u00edtulo 198(*) da novela \u201cCarinha de Anjo\u201d, resumo de quarta-feira, 23 de agosto, as novi\u00e7as terminam de arrumar a mesa do caf\u00e9 para o Padre F\u00e1bio de Melo no jardim do internato. As pequeninas vestem uma roupa especial para se apresentarem como coral. O carro com o religioso [&hellip;]<\/p>\n","protected":false},"author":4,"featured_media":99331,"comment_status":"open","ping_status":"closed","sticky":false,"template":"","format":"standard","meta":{"tdm_status":"","tdm_grid_status":"","footnotes":""},"categories":[452,379,372,343],"tags":[441],"class_list":{"0":"post-119553","1":"post","2":"type-post","3":"status-publish","4":"format-standard","5":"has-post-thumbnail","7":"category-carinha-de-anjo","8":"category-novelas","9":"category-sbt","10":"category-televisao","11":"tag-resumo-do-dia"},"_links":{"self":[{"href":"https:\/\/migracao.redenoticia.com.br\/noticia\/wp-json\/wp\/v2\/posts\/119553","targetHints":{"allow":["GET"]}}],"collection":[{"href":"https:\/\/migracao.redenoticia.com.br\/noticia\/wp-json\/wp\/v2\/posts"}],"about":[{"href":"https:\/\/migracao.redenoticia.com.br\/noticia\/wp-json\/wp\/v2\/types\/post"}],"author":[{"embeddable":true,"href":"https:\/\/migracao.redenoticia.com.br\/noticia\/wp-json\/wp\/v2\/users\/4"}],"replies":[{"embeddable":true,"href":"https:\/\/migracao.redenoticia.com.br\/noticia\/wp-json\/wp\/v2\/comments?post=119553"}],"version-history":[{"count":0,"href":"https:\/\/migracao.redenoticia.com.br\/noticia\/wp-json\/wp\/v2\/posts\/119553\/revisions"}],"wp:featuredmedia":[{"embeddable":true,"href":"https:\/\/migracao.redenoticia.com.br\/noticia\/wp-json\/wp\/v2\/media\/99331"}],"wp:attachment":[{"href":"https:\/\/migracao.redenoticia.com.br\/noticia\/wp-json\/wp\/v2\/media?parent=119553"}],"wp:term":[{"taxonomy":"category","embeddable":true,"href":"https:\/\/migracao.redenoticia.com.br\/noticia\/wp-json\/wp\/v2\/categories?post=119553"},{"taxonomy":"post_tag","embeddable":true,"href":"https:\/\/migracao.redenoticia.com.br\/noticia\/wp-json\/wp\/v2\/tags?post=119553"}],"curies":[{"name":"wp","href":"https:\/\/api.w.org\/{rel}","templated":true}]}}