{"id":119592,"date":"2017-08-23T00:09:59","date_gmt":"2017-08-23T03:09:59","guid":{"rendered":"https:\/\/www.redenoticia.com.br\/noticia\/?p=119592"},"modified":"2017-08-22T19:59:16","modified_gmt":"2017-08-22T22:59:16","slug":"feira-das-profissoes-usp-entre-os-dias-24-e-26-de-agosto","status":"publish","type":"post","link":"https:\/\/migracao.redenoticia.com.br\/noticia\/2017\/feira-das-profissoes-usp-entre-os-dias-24-e-26-de-agosto\/119592","title":{"rendered":"Feira das Profiss\u00f5es USP entre os dias 24 e 26 de agosto"},"content":{"rendered":"<p> Os estudantes que quiserem descobrir sobre o futuro profissional podem participar da\u00a011\u00aa edi\u00e7\u00e3o da <strong><em>Feira das Profiss\u00f5es<\/em><\/strong>, no Parque de Ci\u00eancia e Tecnologia, em S\u00e3o Paulo. O evento, promovido pela\u00a0Universidade de S\u00e3o Paulo (USP) acontece entre os dias 24 e 26 de agosto. A participa\u00e7\u00e3o \u00e9 gratuita.<\/p>\n<p>A feira tamb\u00e9m \u00e9 uma oportunidade para que os jovens obtenham informa\u00e7\u00f5es sobre o vestibular e os programas de apoio \u00e0 perman\u00eancia estudantil (moradia, alimenta\u00e7\u00e3o, etc.) oferecidos pela Universidade.<\/p>\n<p>O evento re\u00fane Unidades de Ensino e Pesquisa da Universidade, distribu\u00eddas em estandes com alunos e professores da USP, que atuam como monitores e esclarecem as d\u00favidas dos visitantes\u00a0sobre os cursos de gradua\u00e7\u00e3o oferecidos, carreiras, profiss\u00f5es, mercado de trabalho, forma\u00e7\u00e3o acad\u00eamica, grade de disciplinas, conte\u00fados program\u00e1ticos\u00a0e especializa\u00e7\u00f5es.<\/p>\n<p>Uma das atra\u00e7\u00f5es do evento s\u00e3o as oficinas de orienta\u00e7\u00e3o vocacional organizadas pelo Instituto de Psicologia (IP), que tamb\u00e9m realizar\u00e1\u00a0workshops\u00a0para professores e coordenadores de ensino com o intuito de auxili\u00e1-los na maneira adequada de trabalhar com as informa\u00e7\u00f5es recebidas por seus alunos durante a feira.<\/p>\n<p>Para mais informa\u00e7\u00f5es basta ligar nos telefones (11) 3091-3511 \u00a0e (11) 3091-3348 \u00a0ou\u00a0pelo\u00a0e-mailuspprofi@usp.br.<\/p>\n<p>Do Portal do Governo SP<\/p>\n","protected":false},"excerpt":{"rendered":"<p>Os estudantes que quiserem descobrir sobre o futuro profissional podem participar da\u00a011\u00aa edi\u00e7\u00e3o da Feira das Profiss\u00f5es, no Parque de Ci\u00eancia e Tecnologia, em S\u00e3o Paulo. O evento, promovido pela\u00a0Universidade de S\u00e3o Paulo (USP) acontece entre os dias 24 e 26 de agosto. A participa\u00e7\u00e3o \u00e9 gratuita. A feira tamb\u00e9m \u00e9 uma oportunidade para que [&hellip;]<\/p>\n","protected":false},"author":2,"featured_media":35036,"comment_status":"open","ping_status":"closed","sticky":false,"template":"","format":"standard","meta":{"tdm_status":"","tdm_grid_status":"","footnotes":""},"categories":[22,370,295],"tags":[],"class_list":{"0":"post-119592","1":"post","2":"type-post","3":"status-publish","4":"format-standard","5":"has-post-thumbnail","7":"category-brasil","8":"category-inscricao","9":"category-vestibular"},"_links":{"self":[{"href":"https:\/\/migracao.redenoticia.com.br\/noticia\/wp-json\/wp\/v2\/posts\/119592","targetHints":{"allow":["GET"]}}],"collection":[{"href":"https:\/\/migracao.redenoticia.com.br\/noticia\/wp-json\/wp\/v2\/posts"}],"about":[{"href":"https:\/\/migracao.redenoticia.com.br\/noticia\/wp-json\/wp\/v2\/types\/post"}],"author":[{"embeddable":true,"href":"https:\/\/migracao.redenoticia.com.br\/noticia\/wp-json\/wp\/v2\/users\/2"}],"replies":[{"embeddable":true,"href":"https:\/\/migracao.redenoticia.com.br\/noticia\/wp-json\/wp\/v2\/comments?post=119592"}],"version-history":[{"count":0,"href":"https:\/\/migracao.redenoticia.com.br\/noticia\/wp-json\/wp\/v2\/posts\/119592\/revisions"}],"wp:featuredmedia":[{"embeddable":true,"href":"https:\/\/migracao.redenoticia.com.br\/noticia\/wp-json\/wp\/v2\/media\/35036"}],"wp:attachment":[{"href":"https:\/\/migracao.redenoticia.com.br\/noticia\/wp-json\/wp\/v2\/media?parent=119592"}],"wp:term":[{"taxonomy":"category","embeddable":true,"href":"https:\/\/migracao.redenoticia.com.br\/noticia\/wp-json\/wp\/v2\/categories?post=119592"},{"taxonomy":"post_tag","embeddable":true,"href":"https:\/\/migracao.redenoticia.com.br\/noticia\/wp-json\/wp\/v2\/tags?post=119592"}],"curies":[{"name":"wp","href":"https:\/\/api.w.org\/{rel}","templated":true}]}}