{"id":119626,"date":"2017-08-24T00:04:18","date_gmt":"2017-08-24T03:04:18","guid":{"rendered":"https:\/\/www.redenoticia.com.br\/noticia\/?p=119626"},"modified":"2017-08-23T16:28:42","modified_gmt":"2017-08-23T19:28:42","slug":"pos-graduacao-em-ciencia-da-informacao-da-unesp-abre-vagas","status":"publish","type":"post","link":"https:\/\/migracao.redenoticia.com.br\/noticia\/2017\/pos-graduacao-em-ciencia-da-informacao-da-unesp-abre-vagas\/119626","title":{"rendered":"P\u00f3s-Gradua\u00e7\u00e3o em Ci\u00eancia da Informa\u00e7\u00e3o da Unesp abre vagas"},"content":{"rendered":"<p> Ag\u00eancia FAPESP\u00a0\u2013 Estar\u00e3o abertas, no per\u00edodo de 21 de agosto a 22 de setembro de 2017, as inscri\u00e7\u00f5es para a sele\u00e7\u00e3o de candidatos ao Mestrado Acad\u00eamico e Doutorado do Programa de <strong><em>P\u00f3s-Gradua\u00e7\u00e3o em Ci\u00eancia da Informa\u00e7\u00e3o<\/em><\/strong> (PPGCI), da Faculdade de Filosofia e Ci\u00eancias (FFC) da Unesp, em Mar\u00edlia.<\/p>\n<p>Ser\u00e3o oferecidas 18 vagas para o Mestrado e 18 vagas para o Doutorado, distribu\u00eddas entre tr\u00eas linhas de pesquisa: 1. Informa\u00e7\u00e3o e Tecnologia; 2. Produ\u00e7\u00e3o e Organiza\u00e7\u00e3o da Informa\u00e7\u00e3o; 3. Gest\u00e3o, Media\u00e7\u00e3o e Uso da Informa\u00e7\u00e3o.<\/p>\n<p>O processo seletivo ser\u00e1 composto de duas etapas, ambas s\u00e3o eliminat\u00f3rias. A primeira avaliar\u00e1 os projetos de mestrado ou doutorado, disserta\u00e7\u00f5es e Curr\u00edculos Lattes dos candidatos com inscri\u00e7\u00e3o deferida. Na segunda etapa haver\u00e1 uma argui\u00e7\u00e3o individual sobre o projeto de mestrado ou doutorado e Curr\u00edculo Lattes com os candidatos aprovados na 1\u00aa Fase.<\/p>\n<p>Os interessados devem se inscrever pelo site da Unesp. H\u00e1 taxa de inscri\u00e7\u00e3o de R$ 66. Mais informa\u00e7\u00f5es sobre a vaga, as inscri\u00e7\u00f5es e o processo seletivo est\u00e3o dispon\u00edveis no edital em\u00a0.<\/p>\n","protected":false},"excerpt":{"rendered":"<p>Ag\u00eancia FAPESP\u00a0\u2013 Estar\u00e3o abertas, no per\u00edodo de 21 de agosto a 22 de setembro de 2017, as inscri\u00e7\u00f5es para a sele\u00e7\u00e3o de candidatos ao Mestrado Acad\u00eamico e Doutorado do Programa de P\u00f3s-Gradua\u00e7\u00e3o em Ci\u00eancia da Informa\u00e7\u00e3o (PPGCI), da Faculdade de Filosofia e Ci\u00eancias (FFC) da Unesp, em Mar\u00edlia. Ser\u00e3o oferecidas 18 vagas para o Mestrado [&hellip;]<\/p>\n","protected":false},"author":2,"featured_media":57576,"comment_status":"open","ping_status":"closed","sticky":false,"template":"","format":"standard","meta":{"tdm_status":"","tdm_grid_status":"","footnotes":""},"categories":[22,351,370],"tags":[],"class_list":{"0":"post-119626","1":"post","2":"type-post","3":"status-publish","4":"format-standard","5":"has-post-thumbnail","7":"category-brasil","8":"category-cursos","9":"category-inscricao"},"_links":{"self":[{"href":"https:\/\/migracao.redenoticia.com.br\/noticia\/wp-json\/wp\/v2\/posts\/119626","targetHints":{"allow":["GET"]}}],"collection":[{"href":"https:\/\/migracao.redenoticia.com.br\/noticia\/wp-json\/wp\/v2\/posts"}],"about":[{"href":"https:\/\/migracao.redenoticia.com.br\/noticia\/wp-json\/wp\/v2\/types\/post"}],"author":[{"embeddable":true,"href":"https:\/\/migracao.redenoticia.com.br\/noticia\/wp-json\/wp\/v2\/users\/2"}],"replies":[{"embeddable":true,"href":"https:\/\/migracao.redenoticia.com.br\/noticia\/wp-json\/wp\/v2\/comments?post=119626"}],"version-history":[{"count":0,"href":"https:\/\/migracao.redenoticia.com.br\/noticia\/wp-json\/wp\/v2\/posts\/119626\/revisions"}],"wp:featuredmedia":[{"embeddable":true,"href":"https:\/\/migracao.redenoticia.com.br\/noticia\/wp-json\/wp\/v2\/media\/57576"}],"wp:attachment":[{"href":"https:\/\/migracao.redenoticia.com.br\/noticia\/wp-json\/wp\/v2\/media?parent=119626"}],"wp:term":[{"taxonomy":"category","embeddable":true,"href":"https:\/\/migracao.redenoticia.com.br\/noticia\/wp-json\/wp\/v2\/categories?post=119626"},{"taxonomy":"post_tag","embeddable":true,"href":"https:\/\/migracao.redenoticia.com.br\/noticia\/wp-json\/wp\/v2\/tags?post=119626"}],"curies":[{"name":"wp","href":"https:\/\/api.w.org\/{rel}","templated":true}]}}