{"id":119642,"date":"2017-08-23T16:35:24","date_gmt":"2017-08-23T19:35:24","guid":{"rendered":"https:\/\/www.redenoticia.com.br\/noticia\/?p=119642"},"modified":"2017-08-23T16:21:20","modified_gmt":"2017-08-23T19:21:20","slug":"resumo-novela-malhacao-2408-o-exame-confirma-a-paternidade-de-deco","status":"publish","type":"post","link":"https:\/\/migracao.redenoticia.com.br\/noticia\/2017\/resumo-novela-malhacao-2408-o-exame-confirma-a-paternidade-de-deco\/119642","title":{"rendered":"Resumo novela \u201cMalha\u00e7\u00e3o\u201d 24\/08: O exame confirma a paternidade de Deco"},"content":{"rendered":"<p><img loading=\"lazy\" decoding=\"async\" class=\"alignleft size-thumbnail wp-image-110075\" src=\"https:\/\/migracao.redenoticia.com.br\/noticia\/imagens\/malhacao-viva-a-diferenca-150x112.jpg\" alt=\"\" width=\"150\" height=\"112\" srcset=\"https:\/\/migracao.redenoticia.com.br\/noticia\/imagens\/malhacao-viva-a-diferenca-150x112.jpg 150w, https:\/\/migracao.redenoticia.com.br\/noticia\/imagens\/malhacao-viva-a-diferenca-265x198.jpg 265w\" sizes=\"auto, (max-width: 150px) 100vw, 150px\" \/><strong><em>Resumo novela \u201cMalha\u00e7\u00e3o\u201d 24\/08<\/em><\/strong>: no cap\u00edtulo 079(*) da novela \u201cMalha\u00e7\u00e3o\u201d, resumo de quinta-feira, 24 de agosto, Roney combina com Keyla e Deco de ir ao hospital conferir o resultado do exame de Tonico. Lica convence B\u00f3ris a lutar por uma bolsa de estudos para Ellen no Col\u00e9gio Grupo. K1 e K2 veem Keyla com Deco. Nena se desculpa com Anderson e decide conhecer Tina. Clara e Samantha convencem Guto a desmarcar a aula com Ben\u00ea por conta do ensaio da banda. Felipe fala com Clara sobre Guto. O exame de DNA confirma a paternidade de Deco, e Roney confronta o rapaz. Anderson e Tina discutem. Tato v\u00ea Keyla com Deco e Tonico.<\/p>\n<p>(*) edi\u00e7\u00e3o da Rede Globo, Novela \u201cMalha\u00e7\u00e3o\u201d, sujeito a altera\u00e7\u00e3o de data e conte\u00fado.<\/p>\n<p>A vig\u00e9sima quinta temporada da s\u00e9rie de televis\u00e3o brasileira Malha\u00e7\u00e3o, produzida pela Rede Globo, \u00e9 escrita por Cao Hamburger, com colabora\u00e7\u00e3o de Jaqueline Vargas, Luciana Pessanha, Vitor Brandt e Carolina Ziskind, e conta com a dire\u00e7\u00e3o de Paulo Silvestrini. Pela primeira vez ap\u00f3s vinte e quatro temporadas, a novela ser\u00e1 ambientada nas zonas leste e sul da cidade de S\u00e3o Paulo. A trama \u00e9 protagonizada por Gabriela Medvedovski, Heslaine Vieira, Ana Hikari, Manoela Aliperti e Daphne Bozaski. O elenco tamb\u00e9m \u00e9 composto por Matheus Abreu, Hall Mendes, Juan Piava, Gabriel Calamari, Bruno Gadiol, Giovanna Grigio, Aline Fanju, L\u00facio Mauro Filho, Malu Galli, Angelo Ant\u00f4nio, Daniela Galli, Marcello Antony, Isabella Scherer, Talita Younan e Carol Macedo nos papeis principais.<\/p>\n","protected":false},"excerpt":{"rendered":"<p>Resumo novela \u201cMalha\u00e7\u00e3o\u201d 24\/08: no cap\u00edtulo 079(*) da novela \u201cMalha\u00e7\u00e3o\u201d, resumo de quinta-feira, 24 de agosto, Roney combina com Keyla e Deco de ir ao hospital conferir o resultado do exame de Tonico. Lica convence B\u00f3ris a lutar por uma bolsa de estudos para Ellen no Col\u00e9gio Grupo. K1 e K2 veem Keyla com Deco. [&hellip;]<\/p>\n","protected":false},"author":4,"featured_media":110072,"comment_status":"open","ping_status":"closed","sticky":false,"template":"","format":"standard","meta":{"tdm_status":"","tdm_grid_status":"","footnotes":""},"categories":[447,379,375,343],"tags":[441],"class_list":{"0":"post-119642","1":"post","2":"type-post","3":"status-publish","4":"format-standard","5":"has-post-thumbnail","7":"category-malhacao","8":"category-novelas","9":"category-rede-globo","10":"category-televisao","11":"tag-resumo-do-dia"},"_links":{"self":[{"href":"https:\/\/migracao.redenoticia.com.br\/noticia\/wp-json\/wp\/v2\/posts\/119642","targetHints":{"allow":["GET"]}}],"collection":[{"href":"https:\/\/migracao.redenoticia.com.br\/noticia\/wp-json\/wp\/v2\/posts"}],"about":[{"href":"https:\/\/migracao.redenoticia.com.br\/noticia\/wp-json\/wp\/v2\/types\/post"}],"author":[{"embeddable":true,"href":"https:\/\/migracao.redenoticia.com.br\/noticia\/wp-json\/wp\/v2\/users\/4"}],"replies":[{"embeddable":true,"href":"https:\/\/migracao.redenoticia.com.br\/noticia\/wp-json\/wp\/v2\/comments?post=119642"}],"version-history":[{"count":0,"href":"https:\/\/migracao.redenoticia.com.br\/noticia\/wp-json\/wp\/v2\/posts\/119642\/revisions"}],"wp:featuredmedia":[{"embeddable":true,"href":"https:\/\/migracao.redenoticia.com.br\/noticia\/wp-json\/wp\/v2\/media\/110072"}],"wp:attachment":[{"href":"https:\/\/migracao.redenoticia.com.br\/noticia\/wp-json\/wp\/v2\/media?parent=119642"}],"wp:term":[{"taxonomy":"category","embeddable":true,"href":"https:\/\/migracao.redenoticia.com.br\/noticia\/wp-json\/wp\/v2\/categories?post=119642"},{"taxonomy":"post_tag","embeddable":true,"href":"https:\/\/migracao.redenoticia.com.br\/noticia\/wp-json\/wp\/v2\/tags?post=119642"}],"curies":[{"name":"wp","href":"https:\/\/api.w.org\/{rel}","templated":true}]}}