{"id":119694,"date":"2017-08-24T16:43:37","date_gmt":"2017-08-24T19:43:37","guid":{"rendered":"https:\/\/www.redenoticia.com.br\/noticia\/?p=119694"},"modified":"2017-08-24T20:52:22","modified_gmt":"2017-08-24T23:52:22","slug":"novela-belaventura-resumo-2508-carmona-discute-com-enrico","status":"publish","type":"post","link":"https:\/\/migracao.redenoticia.com.br\/noticia\/2017\/novela-belaventura-resumo-2508-carmona-discute-com-enrico\/119694","title":{"rendered":"Novela \u201cBelaventura\u201d resumo 25\/08: Carmona discute com Enrico"},"content":{"rendered":"<p> <strong><em><img loading=\"lazy\" decoding=\"async\" class=\"alignleft size-thumbnail wp-image-117590\" src=\"https:\/\/migracao.redenoticia.com.br\/noticia\/imagens\/belaventura_record_novela_resumo-150x112.jpg\" alt=\"\" width=\"150\" height=\"112\" srcset=\"https:\/\/migracao.redenoticia.com.br\/noticia\/imagens\/belaventura_record_novela_resumo-150x112.jpg 150w, https:\/\/migracao.redenoticia.com.br\/noticia\/imagens\/belaventura_record_novela_resumo-265x198.jpg 265w\" sizes=\"auto, (max-width: 150px) 100vw, 150px\" \/>Novela \u201cBelaventura\u201d resumo 25\/08<\/em><\/strong>: no capitulo 024 (*) da novela \u201cBelaventura\u201d, sexta-feira, 25 de agosto, Leoc\u00e1dia pede \u00e0 Brione que ou\u00e7a seu pai e tenha paci\u00eancia com ele. Severo conversa com Marion e diz que visita o castelo o tempo suficiente para saber que ela o traiu. Severo d\u00e1 um tapa em Marion. Tamar conversa com Corinto e prop\u00f5e a ele fazer ci\u00fame em algu\u00e9m. Enrico pede \u00e0 Pietra que seja sua dama, os dois se beijam carinhosamente. Jacques pede \u00e0 Elia que diga \u00e0 Lizabeta que esque\u00e7a tudo o que aconteceu entre eles. Enrico quer que Pietra fique no castelo sob sua prote\u00e7\u00e3o, mas ela hesita com medo de Cedric. P\u00e1ris est\u00e1 radiante diante de Matriona e Quixote pois ir\u00e1 se casar com Carmona. P\u00e1ris pede a Quixote que venda seu vinho mais barato para o dia do casamento. Matriona fica irritada. T\u00e1citus chega e d\u00e1 os p\u00easames a P\u00e1ris. Daros e Gregor conversam sobre a desconfian\u00e7a de T\u00e1citus sobre os saques de mercadorias. Fubaldo fica atento \u00e0 conversa. Otoniel conversa com Mistral e Cedric e diz que n\u00e3o pode colocar Enrico em perigo, e que Pietra precisa ter portas abertas no castelo. Otoniel diz que tem algo mais importante a agilizar: a execu\u00e7\u00e3o de Jacques. Cedric se surpreende. Lizabeta diante de Elia n\u00e3o aceita se afastar de Jacques. Jacques grita por ajuda para que o tirem dali, Biniek se aproxima encapuzado e diz que est\u00e1 ali para ajud\u00e1-lo. Enrico chega com Pietra ao castelo, ela parece tensa e insegura. Otoniel entra e eles se surpreendem. Otoniel mostra a flecha no trono. Enrico diz que o castelo est\u00e1 vulner\u00e1vel. Otoniel interrompe e diz que a coroa precisa saber que h\u00e1 um herdeiro firme e que seu primeiro ato p\u00fablico ser\u00e1 comandar a execu\u00e7\u00e3o de Jacques. Enrico se espanta.<\/p>\n<p> Enrico est\u00e1 espantado diante de Otoniel. Pietra tamb\u00e9m est\u00e1 surpresa. Enrico confronta Otoniel e diz que n\u00e3o pode concordar em executar Jacques sem prova. Marion pressiona Severo para que diga como pretende salvar Jacques. Biniek liberta Jacques a mando de Severo. Dulcin\u00e9a conta a Joniel sobre o encontro de Falstaff na floresta com um funcion\u00e1rio do reino. Otoniel est\u00e1 no trono reunido com Enrico, Bartolion e Mistral, e ouvem a explica\u00e7\u00e3o de Cedric sobre os acontecimentos no castelo. Diante disso, Otoniel obriga Cedric voltar para o castelo Valedo e todos se surpreendem. Gonzalo orienta Joniel a ter cuidado com o que Dulcin\u00e9a disse sobre Fasltaff. Severo se entende com Brione e os dois se abra\u00e7am. Severo promete ajud\u00e1-la com Gonzalo. <\/p>\n<p>Otoniel revela a Enrico, Mistral e Bartolion que n\u00e3o pretende executar Jacques, apenas que a not\u00edcia da condena\u00e7\u00e3o atraia Severo. Mistral tem receio que Severo apare\u00e7a com um grande ex\u00e9rcito. Carmona entra e diz que o momento seria perfeito para comunicar a mudan\u00e7a na sucess\u00e3o do trono. Otoniel se surpreende. Lizabeta e Pietra planejam escapar para chegar at\u00e9 a masmorra onde est\u00e1 Jacques. Cedric diz \u00e0 Leoc\u00e1dia que Jacques ser\u00e1 executado e ela se desespera. Otoniel diz \u00e0 Carmona que n\u00e3o pode mexer na linha de sucess\u00e3o do trono. Carmona diz que Enrico abriu m\u00e3o do reino. <\/p>\n<p>Carmona olha para Enrico impaciente e exige que ele se posicione. Pietra consegue se desvencilhar de Accalon com a ajuda de Lizabeta e vai at\u00e9 a masmorra falar com Jacques. Pietra chega at\u00e9 a cela e se surpreende ao ver Biniek preso no local onde estava Jacques. Biniek pede ajuda. Jacques caminha pelos corredores do castelo e se esconde dos guardas. Carmona discute com Enrico e diz que ser\u00e1 sua inimiga e far\u00e1 de tudo para afastar Pietra do castelo. Enrico encontra com Lizabeta e pergunta por Pietra. Pietra vai libertar Biniek e Jacques segura seu bra\u00e7o e pergunta porque est\u00e1 com as chaves para libertar um homem que \u00e9 aliado de seu pai. Enrico surge por tr\u00e1s e j\u00e1 encosta a espada em sua nuca. <\/p>\n<p>(*) edi\u00e7\u00e3o da Rede Record, Novela \u201cBelaventura\u201d, sujeito a altera\u00e7\u00e3o de data e conte\u00fado.<\/p>\n<p>\u201cBelaventura\u201d \u00e9 uma telenovela brasileira produzida pela RecordTV em parceria com a produtora Casablanca e exibida pela emissora a partir de 25 de julho de 2017 com previs\u00e3o de 150 cap\u00edtulos, substituindo a reprise de A Escrava Isaura. A trama \u00e9 a terceira exibida no hor\u00e1rio como novela das sete desde a reabertura da faixa para telenovelas, ocupada com telejornais at\u00e9 a estreia de Escrava M\u00e3e, em 2016. Foi a 28\u00aa novela exibida pela emissora desde a retomada da dramaturgia em 2004. Escrita por Gustavo Reiz com colabora\u00e7\u00e3o de Aline Garbati, Jussara Fazolo, Mariana Vielmond e Marco Borges, tendo dire\u00e7\u00e3o geral de Ivan Zettel e dire\u00e7\u00e3o art\u00edstica de Roberto Bomtempo. \u201cBelaventura\u201d foi a terceira telenovela brasileira gravada em resolu\u00e7\u00e3o 4K (UHDTV), formato superior ao HD usada nas produ\u00e7\u00f5es at\u00e9 ent\u00e3o, utilizando-se da mesma tecnologia dos filmes estadunidenses, sendo as duas anteriores tamb\u00e9m da RecordTV.<\/p>\n","protected":false},"excerpt":{"rendered":"<p>Novela \u201cBelaventura\u201d resumo 25\/08: no capitulo 024 (*) da novela \u201cBelaventura\u201d, sexta-feira, 25 de agosto, Leoc\u00e1dia pede \u00e0 Brione que ou\u00e7a seu pai e tenha paci\u00eancia com ele. Severo conversa com Marion e diz que visita o castelo o tempo suficiente para saber que ela o traiu. Severo d\u00e1 um tapa em Marion. Tamar conversa [&hellip;]<\/p>\n","protected":false},"author":2,"featured_media":117590,"comment_status":"open","ping_status":"closed","sticky":false,"template":"","format":"standard","meta":{"tdm_status":"","tdm_grid_status":"","footnotes":""},"categories":[379,371,343],"tags":[441],"class_list":{"0":"post-119694","1":"post","2":"type-post","3":"status-publish","4":"format-standard","5":"has-post-thumbnail","7":"category-novelas","8":"category-rede-record","9":"category-televisao","10":"tag-resumo-do-dia"},"_links":{"self":[{"href":"https:\/\/migracao.redenoticia.com.br\/noticia\/wp-json\/wp\/v2\/posts\/119694","targetHints":{"allow":["GET"]}}],"collection":[{"href":"https:\/\/migracao.redenoticia.com.br\/noticia\/wp-json\/wp\/v2\/posts"}],"about":[{"href":"https:\/\/migracao.redenoticia.com.br\/noticia\/wp-json\/wp\/v2\/types\/post"}],"author":[{"embeddable":true,"href":"https:\/\/migracao.redenoticia.com.br\/noticia\/wp-json\/wp\/v2\/users\/2"}],"replies":[{"embeddable":true,"href":"https:\/\/migracao.redenoticia.com.br\/noticia\/wp-json\/wp\/v2\/comments?post=119694"}],"version-history":[{"count":0,"href":"https:\/\/migracao.redenoticia.com.br\/noticia\/wp-json\/wp\/v2\/posts\/119694\/revisions"}],"wp:featuredmedia":[{"embeddable":true,"href":"https:\/\/migracao.redenoticia.com.br\/noticia\/wp-json\/wp\/v2\/media\/117590"}],"wp:attachment":[{"href":"https:\/\/migracao.redenoticia.com.br\/noticia\/wp-json\/wp\/v2\/media?parent=119694"}],"wp:term":[{"taxonomy":"category","embeddable":true,"href":"https:\/\/migracao.redenoticia.com.br\/noticia\/wp-json\/wp\/v2\/categories?post=119694"},{"taxonomy":"post_tag","embeddable":true,"href":"https:\/\/migracao.redenoticia.com.br\/noticia\/wp-json\/wp\/v2\/tags?post=119694"}],"curies":[{"name":"wp","href":"https:\/\/api.w.org\/{rel}","templated":true}]}}