{"id":1197,"date":"2009-05-05T17:11:13","date_gmt":"2009-05-05T21:11:13","guid":{"rendered":"http:\/\/www.redenoticia.com.br\/noticia\/?p=1197"},"modified":"2009-05-05T20:54:31","modified_gmt":"2009-05-06T00:54:31","slug":"unimed-confirma-participacao-na-fecomind","status":"publish","type":"post","link":"https:\/\/migracao.redenoticia.com.br\/noticia\/2009\/unimed-confirma-participacao-na-fecomind\/1197","title":{"rendered":"UNIMED confirma participa\u00e7\u00e3o na Fecomind"},"content":{"rendered":"<p><span><span style=\"font-family: 'Trebuchet MS';\"><a href=\"https:\/\/migracao.redenoticia.com.br\/noticia\/imagens\/\/unimed.jpg\"><img loading=\"lazy\" decoding=\"async\" class=\"alignleft size-full wp-image-1255\" title=\"unimed\" src=\"https:\/\/migracao.redenoticia.com.br\/noticia\/imagens\/\/unimed.jpg\" alt=\"unimed\" width=\"150\" height=\"113\" \/><\/a>Come\u00e7a na pr\u00f3xima quinta-feira a 1\u00aa Feira do Com\u00e9rcio e Ind\u00fastria de Ji-Paran\u00e1 (Fecomind), no gin\u00e1sio Gerivald\u00e3o. Ponto de contatos comerciais e institucionais, a feira promete reunir a for\u00e7a empresarial e potencial de neg\u00f3cios do munic\u00edpio. At\u00e9 s\u00e1bado, empresas de toda regi\u00e3o v\u00e3o expor produtos e servi\u00e7os no local, a exemplo da Unimed Ji-Paran\u00e1, que aproveitar\u00e1 o evento para divulgar os potenciais dos planos de sa\u00fade da cooperativa.<\/span><\/span><\/p>\n<p><span style=\"font-size: small;\"><span><span style=\"font-family: 'Trebuchet MS'; font-size: x-small;\">Com 14 anos de atua\u00e7\u00e3o na regi\u00e3o Central de Rond\u00f4nia, a cooperativa integra a maior rede de assist\u00eancia m\u00e9dica do Brasil. Al\u00e9m dos planos, a empresa pretende divulgar sua vis\u00e3o de sa\u00fade voltada ao aumento da qualidade de vida dos clientes. Tamb\u00e9m ser\u00e3o apresentados aos visitantes, servi\u00e7os exclusivos como as farm\u00e1cias Unimed, com rem\u00e9dios a pre\u00e7o de custo para clientes, e o Espa\u00e7o Vida, com programas de promo\u00e7\u00e3o \u00e0 sa\u00fade e preven\u00e7\u00e3o de doen\u00e7as.<\/span><\/span><\/span><\/p>\n","protected":false},"excerpt":{"rendered":"<p>Come\u00e7a na pr\u00f3xima quinta-feira a 1\u00aa Feira do Com\u00e9rcio e Ind\u00fastria de Ji-Paran\u00e1 (Fecomind), no gin\u00e1sio Gerivald\u00e3o. Ponto de contatos comerciais e institucionais, a feira promete reunir a for\u00e7a empresarial e potencial de neg\u00f3cios do munic\u00edpio. At\u00e9 s\u00e1bado, empresas de toda regi\u00e3o v\u00e3o expor produtos e servi\u00e7os no local, a exemplo da Unimed Ji-Paran\u00e1, que [&hellip;]<\/p>\n","protected":false},"author":2,"featured_media":0,"comment_status":"open","ping_status":"open","sticky":false,"template":"","format":"standard","meta":{"tdm_status":"","tdm_grid_status":"","footnotes":""},"categories":[22],"tags":[],"class_list":{"0":"post-1197","1":"post","2":"type-post","3":"status-publish","4":"format-standard","6":"category-brasil"},"_links":{"self":[{"href":"https:\/\/migracao.redenoticia.com.br\/noticia\/wp-json\/wp\/v2\/posts\/1197","targetHints":{"allow":["GET"]}}],"collection":[{"href":"https:\/\/migracao.redenoticia.com.br\/noticia\/wp-json\/wp\/v2\/posts"}],"about":[{"href":"https:\/\/migracao.redenoticia.com.br\/noticia\/wp-json\/wp\/v2\/types\/post"}],"author":[{"embeddable":true,"href":"https:\/\/migracao.redenoticia.com.br\/noticia\/wp-json\/wp\/v2\/users\/2"}],"replies":[{"embeddable":true,"href":"https:\/\/migracao.redenoticia.com.br\/noticia\/wp-json\/wp\/v2\/comments?post=1197"}],"version-history":[{"count":0,"href":"https:\/\/migracao.redenoticia.com.br\/noticia\/wp-json\/wp\/v2\/posts\/1197\/revisions"}],"wp:attachment":[{"href":"https:\/\/migracao.redenoticia.com.br\/noticia\/wp-json\/wp\/v2\/media?parent=1197"}],"wp:term":[{"taxonomy":"category","embeddable":true,"href":"https:\/\/migracao.redenoticia.com.br\/noticia\/wp-json\/wp\/v2\/categories?post=1197"},{"taxonomy":"post_tag","embeddable":true,"href":"https:\/\/migracao.redenoticia.com.br\/noticia\/wp-json\/wp\/v2\/tags?post=1197"}],"curies":[{"name":"wp","href":"https:\/\/api.w.org\/{rel}","templated":true}]}}