{"id":119715,"date":"2017-08-24T16:32:50","date_gmt":"2017-08-24T19:32:50","guid":{"rendered":"https:\/\/www.redenoticia.com.br\/noticia\/?p=119715"},"modified":"2017-08-24T16:41:07","modified_gmt":"2017-08-24T19:41:07","slug":"resumo-novela-carinha-de-anjo-2508-dulce-conversa-com-a-madre-sobre-cecilia-e-seu-pai","status":"publish","type":"post","link":"https:\/\/migracao.redenoticia.com.br\/noticia\/2017\/resumo-novela-carinha-de-anjo-2508-dulce-conversa-com-a-madre-sobre-cecilia-e-seu-pai\/119715","title":{"rendered":"Resumo novela \u201cCarinha de Anjo\u201d 25\/08: Dulce conversa com a Madre sobre Cec\u00edlia"},"content":{"rendered":"<p><img loading=\"lazy\" decoding=\"async\" class=\"alignleft size-thumbnail wp-image-99331\" src=\"https:\/\/migracao.redenoticia.com.br\/noticia\/imagens\/carinha_de_anjo_sbt_novela_resumo_capitulo-150x112.jpg\" alt=\"carinha_de_anjo_sbt_novela_resumo_capitulo\" width=\"150\" height=\"112\" srcset=\"https:\/\/migracao.redenoticia.com.br\/noticia\/imagens\/carinha_de_anjo_sbt_novela_resumo_capitulo-150x112.jpg 150w, https:\/\/migracao.redenoticia.com.br\/noticia\/imagens\/carinha_de_anjo_sbt_novela_resumo_capitulo-265x198.jpg 265w\" sizes=\"auto, (max-width: 150px) 100vw, 150px\" \/><strong><em>Resumo novela \u201cCarinha de Anjo\u201d 25\/08<\/em><\/strong>: no cap\u00edtulo 200(*) da novela \u201cCarinha de Anjo\u201d, resumo de sexta-feira, 25 de agosto, Andr\u00e9 contrata Diana e explica que ela s\u00f3 poder\u00e1 folgar durante a semana. Dulce Maria conversa com a Madre Superiora e diz que acha que Cec\u00edlia e Gustavo precisam de um empurr\u00e3o para ficarem juntos. A carinha de anjo pede aux\u00edlio para a religiosa, que diz n\u00e3o poder fazer nada quanto a isso. Madre Superiora e In\u00e1cio mostram todas as instala\u00e7\u00f5es do internato religioso para o Padre F\u00e1bio de Melo no dia seguinte. Haydee muda o visual para aparecer mais jovem. Noemia tenta falar com Haydee, mas as duas n\u00e3o se entendem. Ver\u00f4nica avisa que Noemia insiste para que a reuni\u00e3o seja na piscina e que Gustavo e Crist\u00f3v\u00e3o v\u00e3o de roupa de banho. Gustavo diz que levar\u00e1 Dulce Maria e Ver\u00f4nica se oferece para fazer companhia para Crist\u00f3v\u00e3o. Padre F\u00e1bio de Melo vai at\u00e9 a casa de Diana e In\u00e1cio para tomar caf\u00e9 e conhece a fam\u00edlia. Mais tarde, o Padre pergunta se a Madre Superiora autoriza que ele a gravar um videoclipe no internato com participa\u00e7\u00e3o da novi\u00e7a Fabiana. Madre Superiora fica feliz e autoriza a filmagem. Fabiana fica feliz com o convite e desmaia de alegria.<\/p>\n<p>(*) edi\u00e7\u00e3o do SBT, Novela \u201cCarinha de Anjo\u201d, sujeito a altera\u00e7\u00e3o de data e conte\u00fado.<\/p>\n<p>Carinha de Anjo \u00e9 uma telenovela brasileira produzida e exibida originalmente pelo SBT desde o dia 21 de novembro de 2016, substituindo o hor\u00e1rio anteriormente ocupado por C\u00famplices de um Resgate. A telenovela \u00e9 inspirada na mexicana Carita de \u00e1ngel, que, por sua vez, \u00e9 um remake de Mundo de juguete, ambas produzidas pela Televisa e que haviam sido baseadas na trama argentina escrita por Abel Santa Cruz, Pap\u00e1 coraz\u00f3n. Esta ser\u00e1 a segunda adapta\u00e7\u00e3o brasileira da obra original argentina, visto que a Rede Tupi apresentou em 1976 a sua primeira vers\u00e3o, chamada de Papai Cora\u00e7\u00e3o. A nova vers\u00e3o \u00e9 escrita por Leonor Corr\u00eaa, com supervis\u00e3o de \u00cdris Abravanel e dire\u00e7\u00e3o geral de Ricardo Mantoanelli. A trama conta com Lorena Queiroz, Bia Arantes, Carlo Porto, Priscila Sol, Dani Gondim, Karin Hils, Eliana Guttman e Lucero nos pap\u00e9is principais.<\/p>\n","protected":false},"excerpt":{"rendered":"<p>Resumo novela \u201cCarinha de Anjo\u201d 25\/08: no cap\u00edtulo 200(*) da novela \u201cCarinha de Anjo\u201d, resumo de sexta-feira, 25 de agosto, Andr\u00e9 contrata Diana e explica que ela s\u00f3 poder\u00e1 folgar durante a semana. Dulce Maria conversa com a Madre Superiora e diz que acha que Cec\u00edlia e Gustavo precisam de um empurr\u00e3o para ficarem juntos. [&hellip;]<\/p>\n","protected":false},"author":4,"featured_media":99331,"comment_status":"open","ping_status":"closed","sticky":false,"template":"","format":"standard","meta":{"tdm_status":"","tdm_grid_status":"","footnotes":""},"categories":[452,379,372,343],"tags":[441],"class_list":{"0":"post-119715","1":"post","2":"type-post","3":"status-publish","4":"format-standard","5":"has-post-thumbnail","7":"category-carinha-de-anjo","8":"category-novelas","9":"category-sbt","10":"category-televisao","11":"tag-resumo-do-dia"},"_links":{"self":[{"href":"https:\/\/migracao.redenoticia.com.br\/noticia\/wp-json\/wp\/v2\/posts\/119715","targetHints":{"allow":["GET"]}}],"collection":[{"href":"https:\/\/migracao.redenoticia.com.br\/noticia\/wp-json\/wp\/v2\/posts"}],"about":[{"href":"https:\/\/migracao.redenoticia.com.br\/noticia\/wp-json\/wp\/v2\/types\/post"}],"author":[{"embeddable":true,"href":"https:\/\/migracao.redenoticia.com.br\/noticia\/wp-json\/wp\/v2\/users\/4"}],"replies":[{"embeddable":true,"href":"https:\/\/migracao.redenoticia.com.br\/noticia\/wp-json\/wp\/v2\/comments?post=119715"}],"version-history":[{"count":0,"href":"https:\/\/migracao.redenoticia.com.br\/noticia\/wp-json\/wp\/v2\/posts\/119715\/revisions"}],"wp:featuredmedia":[{"embeddable":true,"href":"https:\/\/migracao.redenoticia.com.br\/noticia\/wp-json\/wp\/v2\/media\/99331"}],"wp:attachment":[{"href":"https:\/\/migracao.redenoticia.com.br\/noticia\/wp-json\/wp\/v2\/media?parent=119715"}],"wp:term":[{"taxonomy":"category","embeddable":true,"href":"https:\/\/migracao.redenoticia.com.br\/noticia\/wp-json\/wp\/v2\/categories?post=119715"},{"taxonomy":"post_tag","embeddable":true,"href":"https:\/\/migracao.redenoticia.com.br\/noticia\/wp-json\/wp\/v2\/tags?post=119715"}],"curies":[{"name":"wp","href":"https:\/\/api.w.org\/{rel}","templated":true}]}}