{"id":119755,"date":"2017-08-25T00:05:27","date_gmt":"2017-08-25T03:05:27","guid":{"rendered":"https:\/\/www.redenoticia.com.br\/noticia\/?p=119755"},"modified":"2017-08-24T19:40:18","modified_gmt":"2017-08-24T22:40:18","slug":"saiba-como-higienizar-os-brinquedos-das-criancas","status":"publish","type":"post","link":"https:\/\/migracao.redenoticia.com.br\/noticia\/2017\/saiba-como-higienizar-os-brinquedos-das-criancas\/119755","title":{"rendered":"Saiba como higienizar os brinquedos das crian\u00e7as"},"content":{"rendered":"<p> Os brinquedos infantis costumam estar sempre pra l\u00e1 e pra c\u00e1, no jardim,\u00a0Esse ciclo, aparentemente inevit\u00e1vel, pode ser muito mal\u00e9fico para as crian\u00e7as, que n\u00e3o diferenciam os objetos limpos ou sujos e acabam suscet\u00edveis \u00e0 doen\u00e7as e infec\u00e7\u00f5es. Com isso, \u00e9 importante lembrar de <strong><em>higienizar os brinquedos<\/em><\/strong> a cada 15 dias, evitando complica\u00e7\u00f5es relacionadas \u00e0 sa\u00fade.<\/p>\n<p>A limpeza \u00a0\u00e9 fundamental para que a brincadeira seja segura e saud\u00e1vel, al\u00e9m de aumentar a vida \u00fatil dos brinquedos.\u00a0Cada tipo de material merece um cuidado diferente. Uma boa dica \u00e9 convidar a crian\u00e7a para participar da higieniza\u00e7\u00e3o, assim \u00e9 poss\u00edvel ensinar sobre a necessidade de cuidar dos pr\u00f3prios pertences.<\/p>\n<p>Para o doutor Gustavo Prado, pneumologista do Instituto do Cora\u00e7\u00e3o (Incor), quem tem alergia ou asma, deve ter poucos enfeites, carpetes, cortinas e brinquedos de tecido em casa, uma vez que esses materiais acumulam poeira.<\/p>\n<p>Confira como higienizar os diferentes tipos de materiais<\/p>\n<p>Pl\u00e1stico ou borracha<br \/>\nColoque os brinquedos de molho em \u00e1gua morna com vinagre ou detergente. Em seguida esfregue a sujeira.<\/p>\n<p>Brinquedos com apito (exceto eletr\u00f4nicos)<br \/>\nLave com um pouco de \u00e1gua e sab\u00e3o. N\u00e3o os coloque de molho ou em \u00e1gua corrente, porque podem parar de fazer barulho.<\/p>\n<p>Metal<br \/>\n\u00c9 preciso ter cuidado em n\u00e3o deixar a pe\u00e7a \u00famida, pois ela pode enferrujar. Para limpar, utilize pano com \u00e1lcool, para que a umidade evapore mais r\u00e1pido.<\/p>\n<p>Brinquedos de banho<br \/>\nPara evitar mofo e fungos, ap\u00f3s a hora do banho seque os brinquedos cautelosamente e tire-os do banheiro, pois o ambiente continua \u00famido por muito tempo.<\/p>\n<p>EVA<br \/>\nUtilize um pano umedecido em \u00e1gua ou \u00e1lcool. \u00c9 preciso secar bem, de prefer\u00eancia ao sol, para evitar manchas e fungos.<\/p>\n<p>Do Portal do Governo SP<\/p>\n","protected":false},"excerpt":{"rendered":"<p>Os brinquedos infantis costumam estar sempre pra l\u00e1 e pra c\u00e1, no jardim,\u00a0Esse ciclo, aparentemente inevit\u00e1vel, pode ser muito mal\u00e9fico para as crian\u00e7as, que n\u00e3o diferenciam os objetos limpos ou sujos e acabam suscet\u00edveis \u00e0 doen\u00e7as e infec\u00e7\u00f5es. Com isso, \u00e9 importante lembrar de higienizar os brinquedos a cada 15 dias, evitando complica\u00e7\u00f5es relacionadas \u00e0 [&hellip;]<\/p>\n","protected":false},"author":2,"featured_media":38016,"comment_status":"open","ping_status":"closed","sticky":false,"template":"","format":"standard","meta":{"tdm_status":"","tdm_grid_status":"","footnotes":""},"categories":[22,5],"tags":[],"class_list":{"0":"post-119755","1":"post","2":"type-post","3":"status-publish","4":"format-standard","5":"has-post-thumbnail","7":"category-brasil","8":"category-saude-e-vida"},"_links":{"self":[{"href":"https:\/\/migracao.redenoticia.com.br\/noticia\/wp-json\/wp\/v2\/posts\/119755","targetHints":{"allow":["GET"]}}],"collection":[{"href":"https:\/\/migracao.redenoticia.com.br\/noticia\/wp-json\/wp\/v2\/posts"}],"about":[{"href":"https:\/\/migracao.redenoticia.com.br\/noticia\/wp-json\/wp\/v2\/types\/post"}],"author":[{"embeddable":true,"href":"https:\/\/migracao.redenoticia.com.br\/noticia\/wp-json\/wp\/v2\/users\/2"}],"replies":[{"embeddable":true,"href":"https:\/\/migracao.redenoticia.com.br\/noticia\/wp-json\/wp\/v2\/comments?post=119755"}],"version-history":[{"count":0,"href":"https:\/\/migracao.redenoticia.com.br\/noticia\/wp-json\/wp\/v2\/posts\/119755\/revisions"}],"wp:featuredmedia":[{"embeddable":true,"href":"https:\/\/migracao.redenoticia.com.br\/noticia\/wp-json\/wp\/v2\/media\/38016"}],"wp:attachment":[{"href":"https:\/\/migracao.redenoticia.com.br\/noticia\/wp-json\/wp\/v2\/media?parent=119755"}],"wp:term":[{"taxonomy":"category","embeddable":true,"href":"https:\/\/migracao.redenoticia.com.br\/noticia\/wp-json\/wp\/v2\/categories?post=119755"},{"taxonomy":"post_tag","embeddable":true,"href":"https:\/\/migracao.redenoticia.com.br\/noticia\/wp-json\/wp\/v2\/tags?post=119755"}],"curies":[{"name":"wp","href":"https:\/\/api.w.org\/{rel}","templated":true}]}}