{"id":119775,"date":"2017-08-25T16:42:34","date_gmt":"2017-08-25T19:42:34","guid":{"rendered":"https:\/\/www.redenoticia.com.br\/noticia\/?p=119775"},"modified":"2017-08-25T19:29:07","modified_gmt":"2017-08-25T22:29:07","slug":"novela-os-dez-mandamentos-resumo-2808-ramses-se-arrepende-da-sua-aventura","status":"publish","type":"post","link":"https:\/\/migracao.redenoticia.com.br\/noticia\/2017\/novela-os-dez-mandamentos-resumo-2808-ramses-se-arrepende-da-sua-aventura\/119775","title":{"rendered":"Novela \u201cOs Dez Mandamentos\u201d resumo 28\/08: Ar\u00e3o esbarra com o pai na obra do templo"},"content":{"rendered":"<p> <img loading=\"lazy\" decoding=\"async\" class=\"alignleft size-thumbnail wp-image-68037\" src=\"https:\/\/migracao.redenoticia.com.br\/noticia\/imagens\/resumo_novela_os_dez_mandamentos_record-150x112.jpg\" alt=\"\" width=\"150\" height=\"112\" srcset=\"https:\/\/migracao.redenoticia.com.br\/noticia\/imagens\/resumo_novela_os_dez_mandamentos_record-150x112.jpg 150w, https:\/\/migracao.redenoticia.com.br\/noticia\/imagens\/resumo_novela_os_dez_mandamentos_record-265x198.jpg 265w\" sizes=\"auto, (max-width: 150px) 100vw, 150px\" \/><em><strong>Novela \u201cOs Dez Mandamentos\u201d resumo 28\/08<\/strong><\/em>: no capitulo 025 (*) da novela \u201cOs Dez Mandamentos\u201d, segunda-feira, 28 de agosto, Rams\u00e9s usa disfarce e convida Mois\u00e9s para ir \u00e0 Casa de Senet. Mois\u00e9s recusa convite e diz que o rei ficar\u00e1 furioso se descobrir que Rams\u00e9s fugiu para ir ao prost\u00edbulo. Ar\u00e3o se revolta e diz para Joquebede que ela n\u00e3o deveria ter escondidos deles que Anr\u00e3o estava vivo. Ele diz que jamais ir\u00e1 perdo\u00e1-la por t\u00ea-lo feito sofrer e Joquebede passa mal, deixando Miri\u00e3 muito aflita. Ar\u00e3o vai at\u00e9 a casa de Num e o chama de traidor, dizendo que ele n\u00e3o deveria ter escondido que seu pai estava vivo. Num tenta se explicar, mas Ar\u00e3o vai embora, deixando-o aturdido. Leila admite para Abigail que sente muita falta de Uri. <\/p>\n<p>Seti queima os papiros com os desenhos dos beb\u00eas hebreus sendo jogados no Nilo. Nefertari e Karoma avistam Rams\u00e9s, Ikeni e Bakenmut chegando ao pal\u00e1cio pela manh\u00e3 bastante embriagados. Rams\u00e9s se aproxima de Nefertari e tenta beij\u00e1-la, deixando-a enojada e com muita raiva. Ar\u00e3o volta para casa no dia seguinte e diz a Joquebede que ir\u00e1 embora com Eliseba e Itamar, deixando-a chocada. Eliseba diz a Ar\u00e3o que eles n\u00e3o t\u00eam para onde ir, ainda mais com um beb\u00ea. Ar\u00e3o reconsidera, mas diz que procurar\u00e1 um novo lugar para eles morarem. <\/p>\n<p>Joquebede e Miri\u00e3 ficam angustiadas ao verem a revolta de Ar\u00e3o. Uri diz a Leila que sentiu sua falta e a deixa sem jeito. Num diz a Joquebede que Anr\u00e3o est\u00e1 tentando despistar os feitores e que ir\u00e1 v\u00ea-la assim que puder. Joquebede se emociona e diz a Eliseba que nunca deixou de amar e de esperar por Anr\u00e3o. Nefertari esbraveja e diz para Yunet que est\u00e1 enojada com o comportamento de Rams\u00e9s. Yunet defende Rams\u00e9s e diz para a filha que um homem deve satisfazer suas necessidades. Tuya escuta a conversa e descobre que Rams\u00e9s foi \u00e0 Casa de Senet, ficando completamente surpresa. Ar\u00e3o esbarra com o pai na obra do templo e o cumprimenta, mas sem reconhec\u00ea-lo. <\/p>\n<p>(*) edi\u00e7\u00e3o da Rede Record, Novela \u201cOs Dez Mandamentos\u201d, sujeito a altera\u00e7\u00e3o de data e conte\u00fado.<\/p>\n<p>\u201cOs Dez Mandamentos\u201d \u00e9 uma telenovela brasileira produzida e exibida pela RecordTV, tendo sua primeira temporada exibida entre 23 de mar\u00e7o e 23 de novembro de 2015 em 176 cap\u00edtulos, substituindo Vit\u00f3ria, e sendo substitu\u00edda pela reprise de Rei Davi. A segunda temporada foi produzida pela Casablanca e exibida de 04 de abril a 04 de julho de 2016 em 66 cap\u00edtulos, substituindo a reprise de Sans\u00e3o e Dalila e sendo substitu\u00edda por A Terra Prometida.<\/p>\n","protected":false},"excerpt":{"rendered":"<p>Novela \u201cOs Dez Mandamentos\u201d resumo 28\/08: no capitulo 025 (*) da novela \u201cOs Dez Mandamentos\u201d, segunda-feira, 28 de agosto, Rams\u00e9s usa disfarce e convida Mois\u00e9s para ir \u00e0 Casa de Senet. Mois\u00e9s recusa convite e diz que o rei ficar\u00e1 furioso se descobrir que Rams\u00e9s fugiu para ir ao prost\u00edbulo. Ar\u00e3o se revolta e diz [&hellip;]<\/p>\n","protected":false},"author":2,"featured_media":68037,"comment_status":"open","ping_status":"closed","sticky":false,"template":"","format":"standard","meta":{"tdm_status":"","tdm_grid_status":"","footnotes":""},"categories":[379,424,371,343],"tags":[441],"class_list":{"0":"post-119775","1":"post","2":"type-post","3":"status-publish","4":"format-standard","5":"has-post-thumbnail","7":"category-novelas","8":"category-os-dez-mandamentos","9":"category-rede-record","10":"category-televisao","11":"tag-resumo-do-dia"},"_links":{"self":[{"href":"https:\/\/migracao.redenoticia.com.br\/noticia\/wp-json\/wp\/v2\/posts\/119775","targetHints":{"allow":["GET"]}}],"collection":[{"href":"https:\/\/migracao.redenoticia.com.br\/noticia\/wp-json\/wp\/v2\/posts"}],"about":[{"href":"https:\/\/migracao.redenoticia.com.br\/noticia\/wp-json\/wp\/v2\/types\/post"}],"author":[{"embeddable":true,"href":"https:\/\/migracao.redenoticia.com.br\/noticia\/wp-json\/wp\/v2\/users\/2"}],"replies":[{"embeddable":true,"href":"https:\/\/migracao.redenoticia.com.br\/noticia\/wp-json\/wp\/v2\/comments?post=119775"}],"version-history":[{"count":0,"href":"https:\/\/migracao.redenoticia.com.br\/noticia\/wp-json\/wp\/v2\/posts\/119775\/revisions"}],"wp:featuredmedia":[{"embeddable":true,"href":"https:\/\/migracao.redenoticia.com.br\/noticia\/wp-json\/wp\/v2\/media\/68037"}],"wp:attachment":[{"href":"https:\/\/migracao.redenoticia.com.br\/noticia\/wp-json\/wp\/v2\/media?parent=119775"}],"wp:term":[{"taxonomy":"category","embeddable":true,"href":"https:\/\/migracao.redenoticia.com.br\/noticia\/wp-json\/wp\/v2\/categories?post=119775"},{"taxonomy":"post_tag","embeddable":true,"href":"https:\/\/migracao.redenoticia.com.br\/noticia\/wp-json\/wp\/v2\/tags?post=119775"}],"curies":[{"name":"wp","href":"https:\/\/api.w.org\/{rel}","templated":true}]}}