{"id":119825,"date":"2017-08-26T00:08:15","date_gmt":"2017-08-26T03:08:15","guid":{"rendered":"https:\/\/www.redenoticia.com.br\/noticia\/?p=119825"},"modified":"2017-08-25T18:27:17","modified_gmt":"2017-08-25T21:27:17","slug":"resumo-novela-chiquititas-2808-bia-ganha-uma-festa-surpresa","status":"publish","type":"post","link":"https:\/\/migracao.redenoticia.com.br\/noticia\/2017\/resumo-novela-chiquititas-2808-bia-ganha-uma-festa-surpresa\/119825","title":{"rendered":"Resumo novela \u201cChiquititas\u201d 28\/08: Bia ganha uma festa surpresa"},"content":{"rendered":"<p><img loading=\"lazy\" decoding=\"async\" class=\"alignleft size-thumbnail wp-image-49690\" src=\"https:\/\/migracao.redenoticia.com.br\/noticia\/imagens\/chiquititas1-150x112.jpg\" alt=\"chiquititas\" width=\"150\" height=\"112\" \/><strong><em>Resumo novela \u201cChiquititas\u201d 28\/08<\/em><\/strong>: no cap\u00edtulo 250(*) da novela \u201cChiquititas\u201d, resumo de segunda-feira, 28 de agosto, Armando avisa Beto e Clarita que a partir de agora eles ir\u00e3o atender os clientes do Caf\u00e9 Boutique usando patins. Junior estranha ao achar uma foto antiga de Jos\u00e9 Ricardo com Mili, quando ela era bem pequena. Samuca apresenta para os meninos sua nova inven\u00e7\u00e3o para usarem como vingan\u00e7a contra os vizinhos. Trata-se de uma m\u00e1quina que abre uma caixa que exala cheiro ruim. Bia espia tudo, pois para ser aceita na turma de Janj\u00e3o e Janu precisa espiar os chiquititos. Bia conta tudo para os vizinhos encrenqueiros, que dizem que ela deve levar o invento para eles. Bia entrega para eles o invento. Junior vai ao orfanato falar com Mili e entregar para ela a foto (de Mili com Jos\u00e9 Ricardo). Clarita, usando o patins, cai no Caf\u00e9 Boutique com a bandeja. No orfanato, Bia chora e fica muito feliz com a festa surpresa preparada na cozinha por todas as chiquititas. Ela pede desculpa por ter sido grossa nesse tempo todo. Janu vai ao orfanato e ativa o invento que solta cheiro ruim na sala. As Chiquititas n\u00e3o a vem. Mais tarde a caixa se abre e o p\u00e9ssimo cheiro deixa todos em p\u00e2nico.<\/p>\n<p>(*) edi\u00e7\u00e3o do SBT, Novela \u201cChiquititas\u201d, sujeito a altera\u00e7\u00e3o de data e conte\u00fado.<\/p>\n<p>Chiquititas gira em torno do orfanato Raio de Luz, que carrega em sua hist\u00f3ria um grande segredo envolvendo a fam\u00edlia e o dono do orfanato, Dr. Jos\u00e9 Ricardo Almeida Campos. Em um per\u00edodo anterior \u00e0 novela, exatos treze anos, sua filha Gabriela se apaixonou e ficou gr\u00e1vida de Miguel, filho de Valentina, empregada da casa dos Almeida Campos. Pouco depois, Jos\u00e9 Ricardo sequestrou sua neta, pois, como um homem conservador, ele n\u00e3o aceitava a ideia de que sua filha se envolvesse com um empregado. Como sua neta, Milena, apelidada como Mili, precisava de um lugar para morar, ele comprou um casar\u00e3o e fundou um orfanato, o Raio de Luz. Mili cresceu l\u00e1 com outras garotas que chegaram posteriormente: Bia, Ana, as irm\u00e3s Tati e Vivi, e Cris. Ao decorrer dos anos, elas se tornam uma fam\u00edlia. Elas s\u00e3o supervisionadas por Ernestina, zeladora do orfanato, e Chico, o cozinheiro amado pelas internas. Sofia, ex-governanta da fam\u00edlia Almeida Campos, \u00e9 a diretora do lugar, at\u00e9 que Carmem, irm\u00e3 de Jos\u00e9 Ricardo, entre em seu lugar. Chegam ainda mais \u00f3rf\u00e3os: Pata, Mosca, Binho e Rafa, que viviam nas ruas antes de entrarem na institui\u00e7\u00e3o. Pata e Mili tornam-se amigas rapidamente, enquanto Mosca, Binho e Rafa s\u00e3o os primeiros garotos a entrar no abrigo. As crian\u00e7as sem-teto foram ajudadas por uma doce e bela garota que tocam e mudam a vida delas, assim como as das garotas \u00f3rf\u00e3s.<\/p>\n","protected":false},"excerpt":{"rendered":"<p>Resumo novela \u201cChiquititas\u201d 28\/08: no cap\u00edtulo 250(*) da novela \u201cChiquititas\u201d, resumo de segunda-feira, 28 de agosto, Armando avisa Beto e Clarita que a partir de agora eles ir\u00e3o atender os clientes do Caf\u00e9 Boutique usando patins. Junior estranha ao achar uma foto antiga de Jos\u00e9 Ricardo com Mili, quando ela era bem pequena. Samuca apresenta [&hellip;]<\/p>\n","protected":false},"author":4,"featured_media":49690,"comment_status":"open","ping_status":"closed","sticky":false,"template":"","format":"standard","meta":{"tdm_status":"","tdm_grid_status":"","footnotes":""},"categories":[409,379,372,343],"tags":[441],"class_list":{"0":"post-119825","1":"post","2":"type-post","3":"status-publish","4":"format-standard","5":"has-post-thumbnail","7":"category-chiquititas","8":"category-novelas","9":"category-sbt","10":"category-televisao","11":"tag-resumo-do-dia"},"_links":{"self":[{"href":"https:\/\/migracao.redenoticia.com.br\/noticia\/wp-json\/wp\/v2\/posts\/119825","targetHints":{"allow":["GET"]}}],"collection":[{"href":"https:\/\/migracao.redenoticia.com.br\/noticia\/wp-json\/wp\/v2\/posts"}],"about":[{"href":"https:\/\/migracao.redenoticia.com.br\/noticia\/wp-json\/wp\/v2\/types\/post"}],"author":[{"embeddable":true,"href":"https:\/\/migracao.redenoticia.com.br\/noticia\/wp-json\/wp\/v2\/users\/4"}],"replies":[{"embeddable":true,"href":"https:\/\/migracao.redenoticia.com.br\/noticia\/wp-json\/wp\/v2\/comments?post=119825"}],"version-history":[{"count":0,"href":"https:\/\/migracao.redenoticia.com.br\/noticia\/wp-json\/wp\/v2\/posts\/119825\/revisions"}],"wp:featuredmedia":[{"embeddable":true,"href":"https:\/\/migracao.redenoticia.com.br\/noticia\/wp-json\/wp\/v2\/media\/49690"}],"wp:attachment":[{"href":"https:\/\/migracao.redenoticia.com.br\/noticia\/wp-json\/wp\/v2\/media?parent=119825"}],"wp:term":[{"taxonomy":"category","embeddable":true,"href":"https:\/\/migracao.redenoticia.com.br\/noticia\/wp-json\/wp\/v2\/categories?post=119825"},{"taxonomy":"post_tag","embeddable":true,"href":"https:\/\/migracao.redenoticia.com.br\/noticia\/wp-json\/wp\/v2\/tags?post=119825"}],"curies":[{"name":"wp","href":"https:\/\/api.w.org\/{rel}","templated":true}]}}