{"id":119857,"date":"2017-09-01T16:40:33","date_gmt":"2017-09-01T19:40:33","guid":{"rendered":"https:\/\/www.redenoticia.com.br\/noticia\/?p=119857"},"modified":"2017-09-01T16:05:43","modified_gmt":"2017-09-01T19:05:43","slug":"novela-ribeirao-do-tempo-resumo-0409-romeu-apressa-sancha-para-ir-ao-debate","status":"publish","type":"post","link":"https:\/\/migracao.redenoticia.com.br\/noticia\/2017\/novela-ribeirao-do-tempo-resumo-0409-romeu-apressa-sancha-para-ir-ao-debate\/119857","title":{"rendered":"Novela \u201cRibeir\u00e3o do Tempo\u201d resumo 04\/09: Romeu apressa Sancha para ir ao debate"},"content":{"rendered":"<p><img loading=\"lazy\" decoding=\"async\" src=\"https:\/\/migracao.redenoticia.com.br\/noticia\/imagens\/ribeirao_do_tempo_novela_record_resumo-150x112.jpg\" alt=\"\" width=\"150\" height=\"112\" class=\"alignleft size-thumbnail wp-image-108265\" srcset=\"https:\/\/migracao.redenoticia.com.br\/noticia\/imagens\/ribeirao_do_tempo_novela_record_resumo-150x112.jpg 150w, https:\/\/migracao.redenoticia.com.br\/noticia\/imagens\/ribeirao_do_tempo_novela_record_resumo-265x198.jpg 265w\" sizes=\"auto, (max-width: 150px) 100vw, 150px\" \/><strong><em>Novela \u201cRibeir\u00e3o do Tempo\u201d resumo 04\/09<\/em><\/strong>: no capitulo 130 (*) da novela \u201cRibeir\u00e3o do Tempo\u201d, segunda-feira, 04 de setembro, Ajuricaba l\u00ea algumas regras para o debate. Lincon ouve impaciente. Ajuricaba e Lincon come\u00e7am a discutir. Teixeira aparta a briga. Flores suspende a reuni\u00e3o e se responsabiliza pelo debate. C\u00e9lia vai com Teixeira at\u00e9 a boate para falar com Quer\u00eancio. Karina conta a Zuleide que passou a noite com Nicolau e revela que tem grandes chances de levar o relacionamento com ele adiante. Marta explica a Tito que fez o poss\u00edvel na investiga\u00e7\u00e3o do caso de Virg\u00edlio, mas n\u00e3o vai continuar o trabalho, pois n\u00e3o tem nenhuma pista. Virg\u00edlio diz a Nasinho que Iara topou negociar diretamente com Nicolau. Nicolau manda Nasinho negociar pesado com Iara. <\/p>\n<p>Nasinho chega ao local combinado e Iara o observa escondida. Finalmente, ela resolve ir em dire\u00e7\u00e3o a ele. Iara passa para Nasinho o valor que quer. Diana conta a Carlos que terminou com Guilherme. Diana pede para Carlos avisar a Elza que ela j\u00e1 volta. Andr\u00e9 liga para S\u00f4nia e diz que quer v\u00ea-la, mas ela fala que eles ainda n\u00e3o podem se encontrar. Diana diz a Andr\u00e9 que se S\u00f4nia quer ficar longe dele \u00e9 porque n\u00e3o o ama de verdade. Diana revela a Andr\u00e9 que o ama. Beatriz confessa a Nasinho que fica apreensiva toda vez que ele e Nicolau conversam. <\/p>\n<p>Nasinho fala para Beatriz que as conversas que tem com o senador s\u00e3o sobre coisas triviais. Beatriz diz que n\u00e3o acredita. Nicolau v\u00ea o valor que Iara quer &#8211; 100 mil &#8211; e diz a Nasinho que \u00e9 uma merreca. Nicolau manda Nasinho levar a grana para a aventureira. Romeu apressa Sancha para ir ao debate. Lincon e Flores chegam ao Sal\u00e3o Municipal e aprovam a arruma\u00e7\u00e3o do local para o debate.<\/p>\n<p>(*) edi\u00e7\u00e3o da Rede Record, Novela \u201cRibeir\u00e3o do Tempo\u201d, sujeito a altera\u00e7\u00e3o de data e conte\u00fado.<\/p>\n","protected":false},"excerpt":{"rendered":"<p>Novela \u201cRibeir\u00e3o do Tempo\u201d resumo 04\/09: no capitulo 130 (*) da novela \u201cRibeir\u00e3o do Tempo\u201d, segunda-feira, 04 de setembro, Ajuricaba l\u00ea algumas regras para o debate. Lincon ouve impaciente. Ajuricaba e Lincon come\u00e7am a discutir. Teixeira aparta a briga. Flores suspende a reuni\u00e3o e se responsabiliza pelo debate. C\u00e9lia vai com Teixeira at\u00e9 a boate [&hellip;]<\/p>\n","protected":false},"author":2,"featured_media":108265,"comment_status":"open","ping_status":"closed","sticky":false,"template":"","format":"standard","meta":{"tdm_status":"","tdm_grid_status":"","footnotes":""},"categories":[379,371,343],"tags":[441],"class_list":{"0":"post-119857","1":"post","2":"type-post","3":"status-publish","4":"format-standard","5":"has-post-thumbnail","7":"category-novelas","8":"category-rede-record","9":"category-televisao","10":"tag-resumo-do-dia"},"_links":{"self":[{"href":"https:\/\/migracao.redenoticia.com.br\/noticia\/wp-json\/wp\/v2\/posts\/119857","targetHints":{"allow":["GET"]}}],"collection":[{"href":"https:\/\/migracao.redenoticia.com.br\/noticia\/wp-json\/wp\/v2\/posts"}],"about":[{"href":"https:\/\/migracao.redenoticia.com.br\/noticia\/wp-json\/wp\/v2\/types\/post"}],"author":[{"embeddable":true,"href":"https:\/\/migracao.redenoticia.com.br\/noticia\/wp-json\/wp\/v2\/users\/2"}],"replies":[{"embeddable":true,"href":"https:\/\/migracao.redenoticia.com.br\/noticia\/wp-json\/wp\/v2\/comments?post=119857"}],"version-history":[{"count":0,"href":"https:\/\/migracao.redenoticia.com.br\/noticia\/wp-json\/wp\/v2\/posts\/119857\/revisions"}],"wp:featuredmedia":[{"embeddable":true,"href":"https:\/\/migracao.redenoticia.com.br\/noticia\/wp-json\/wp\/v2\/media\/108265"}],"wp:attachment":[{"href":"https:\/\/migracao.redenoticia.com.br\/noticia\/wp-json\/wp\/v2\/media?parent=119857"}],"wp:term":[{"taxonomy":"category","embeddable":true,"href":"https:\/\/migracao.redenoticia.com.br\/noticia\/wp-json\/wp\/v2\/categories?post=119857"},{"taxonomy":"post_tag","embeddable":true,"href":"https:\/\/migracao.redenoticia.com.br\/noticia\/wp-json\/wp\/v2\/tags?post=119857"}],"curies":[{"name":"wp","href":"https:\/\/api.w.org\/{rel}","templated":true}]}}