{"id":119955,"date":"2017-08-28T17:18:11","date_gmt":"2017-08-28T20:18:11","guid":{"rendered":"https:\/\/www.redenoticia.com.br\/noticia\/?p=119955"},"modified":"2017-08-28T17:18:11","modified_gmt":"2017-08-28T20:18:11","slug":"resumo-novela-malhacao-2908-guto-decide-nao-dar-aulas-para-bene","status":"publish","type":"post","link":"https:\/\/migracao.redenoticia.com.br\/noticia\/2017\/resumo-novela-malhacao-2908-guto-decide-nao-dar-aulas-para-bene\/119955","title":{"rendered":"Resumo novela \u201cMalha\u00e7\u00e3o\u201d 29\/08: Guto decide n\u00e3o dar aulas para Ben\u00ea"},"content":{"rendered":"<p><img loading=\"lazy\" decoding=\"async\" class=\"alignleft size-thumbnail wp-image-110075\" src=\"https:\/\/migracao.redenoticia.com.br\/noticia\/imagens\/malhacao-viva-a-diferenca-150x112.jpg\" alt=\"\" width=\"150\" height=\"112\" srcset=\"https:\/\/migracao.redenoticia.com.br\/noticia\/imagens\/malhacao-viva-a-diferenca-150x112.jpg 150w, https:\/\/migracao.redenoticia.com.br\/noticia\/imagens\/malhacao-viva-a-diferenca-265x198.jpg 265w\" sizes=\"auto, (max-width: 150px) 100vw, 150px\" \/><strong><em>Resumo novela \u201cMalha\u00e7\u00e3o\u201d 29\/08<\/em><\/strong>: no cap\u00edtulo 082.(*) da novela \u201cMalha\u00e7\u00e3o\u201d, resumo de ter\u00e7a-feira, 29 de agosto, Tato pressiona Deco e afirma que Tonico n\u00e3o merece ter um pai ausente. Edgar pede desculpas a Lica e diz que sente orgulho de ser seu pai. K1 e K2 provocam Fio e Ellen. Clara insiste para que Guto desmarque a aula de Ben\u00ea para ficar com ela. Edgar confessa a Malu que quer se reaproximar de Lica para retomar a diretoria da escola. Tina tenta conversar com Anderson, que afasta a menina. Samantha desconfia quando Guto a convida para ir ao cinema com ele e Clara. Guto inventa para Ben\u00ea que est\u00e1 doente, mas a menina o v\u00ea com Clara. Guto decide n\u00e3o dar mais aulas de piano para Ben\u00ea.<\/p>\n<p>(*) edi\u00e7\u00e3o da Rede Globo, Novela \u201cMalha\u00e7\u00e3o\u201d, sujeito a altera\u00e7\u00e3o de data e conte\u00fado.<\/p>\n<p>A vig\u00e9sima quinta temporada da s\u00e9rie de televis\u00e3o brasileira Malha\u00e7\u00e3o, produzida pela Rede Globo, \u00e9 escrita por Cao Hamburger, com colabora\u00e7\u00e3o de Jaqueline Vargas, Luciana Pessanha, Vitor Brandt e Carolina Ziskind, e conta com a dire\u00e7\u00e3o de Paulo Silvestrini. Pela primeira vez ap\u00f3s vinte e quatro temporadas, a novela ser\u00e1 ambientada nas zonas leste e sul da cidade de S\u00e3o Paulo. A trama \u00e9 protagonizada por Gabriela Medvedovski, Heslaine Vieira, Ana Hikari, Manoela Aliperti e Daphne Bozaski. O elenco tamb\u00e9m \u00e9 composto por Matheus Abreu, Hall Mendes, Juan Piava, Gabriel Calamari, Bruno Gadiol, Giovanna Grigio, Aline Fanju, L\u00facio Mauro Filho, Malu Galli, Angelo Ant\u00f4nio, Daniela Galli, Marcello Antony, Isabella Scherer, Talita Younan e Carol Macedo nos papeis principais.<\/p>\n","protected":false},"excerpt":{"rendered":"<p>Resumo novela \u201cMalha\u00e7\u00e3o\u201d 29\/08: no cap\u00edtulo 082.(*) da novela \u201cMalha\u00e7\u00e3o\u201d, resumo de ter\u00e7a-feira, 29 de agosto, Tato pressiona Deco e afirma que Tonico n\u00e3o merece ter um pai ausente. Edgar pede desculpas a Lica e diz que sente orgulho de ser seu pai. K1 e K2 provocam Fio e Ellen. Clara insiste para que Guto [&hellip;]<\/p>\n","protected":false},"author":4,"featured_media":110072,"comment_status":"open","ping_status":"closed","sticky":false,"template":"","format":"standard","meta":{"tdm_status":"","tdm_grid_status":"","footnotes":""},"categories":[447,379,375,343],"tags":[441],"class_list":{"0":"post-119955","1":"post","2":"type-post","3":"status-publish","4":"format-standard","5":"has-post-thumbnail","7":"category-malhacao","8":"category-novelas","9":"category-rede-globo","10":"category-televisao","11":"tag-resumo-do-dia"},"_links":{"self":[{"href":"https:\/\/migracao.redenoticia.com.br\/noticia\/wp-json\/wp\/v2\/posts\/119955","targetHints":{"allow":["GET"]}}],"collection":[{"href":"https:\/\/migracao.redenoticia.com.br\/noticia\/wp-json\/wp\/v2\/posts"}],"about":[{"href":"https:\/\/migracao.redenoticia.com.br\/noticia\/wp-json\/wp\/v2\/types\/post"}],"author":[{"embeddable":true,"href":"https:\/\/migracao.redenoticia.com.br\/noticia\/wp-json\/wp\/v2\/users\/4"}],"replies":[{"embeddable":true,"href":"https:\/\/migracao.redenoticia.com.br\/noticia\/wp-json\/wp\/v2\/comments?post=119955"}],"version-history":[{"count":0,"href":"https:\/\/migracao.redenoticia.com.br\/noticia\/wp-json\/wp\/v2\/posts\/119955\/revisions"}],"wp:featuredmedia":[{"embeddable":true,"href":"https:\/\/migracao.redenoticia.com.br\/noticia\/wp-json\/wp\/v2\/media\/110072"}],"wp:attachment":[{"href":"https:\/\/migracao.redenoticia.com.br\/noticia\/wp-json\/wp\/v2\/media?parent=119955"}],"wp:term":[{"taxonomy":"category","embeddable":true,"href":"https:\/\/migracao.redenoticia.com.br\/noticia\/wp-json\/wp\/v2\/categories?post=119955"},{"taxonomy":"post_tag","embeddable":true,"href":"https:\/\/migracao.redenoticia.com.br\/noticia\/wp-json\/wp\/v2\/tags?post=119955"}],"curies":[{"name":"wp","href":"https:\/\/api.w.org\/{rel}","templated":true}]}}